{"id":92831,"date":"2022-02-23T09:00:43","date_gmt":"2022-02-23T09:00:43","guid":{"rendered":"http:\/\/vincihairclinic.com\/?p=92831"},"modified":"2026-02-18T11:16:25","modified_gmt":"2026-02-18T11:16:25","slug":"porque-aplicar-fps-no-couro-cabeludo-e-importante","status":"publish","type":"post","link":"https:\/\/vincihairclinic.com\/pt-br\/porque-aplicar-fps-no-couro-cabeludo-e-importante\/","title":{"rendered":"Porque aplicar FPS no couro cabeludo \u00e9 importante!"},"content":{"rendered":"<p>Os entusiastas dos produtos de beleza sabem que nenhum regime matinal est\u00e1 completo sem o fator de prote\u00e7\u00e3o solar (FPS). Aplicar protetor solar \u00e9 obrigat\u00f3rio para evitar riscos do envelhecimento prematuro e de problemas de pele que surgem com a exposi\u00e7\u00e3o longa ao sol. Mas quando se trata de usar FPS no seu rosto pela manh\u00e3, ser\u00e1 que voc\u00ea deve ir al\u00e9m da linha capilar?<\/p>\n<p>Hidratantes, toners, s\u00e9runs e cremes provavelmente fazem parte da sua rotina de beleza. Mas tenha em mente que seu couro cabeludo tamb\u00e9m precisa de cuidados. Aplicar FPS toda manh\u00e3 \u00e9 um passo importante na dire\u00e7\u00e3o certa. Este artigo explica o motivo.<\/p>\n<h3>\u00c9 poss\u00edvel pegar sol demais no couro cabeludo?<\/h3>\n<p>Sim. A queimadura de sol pode ocorrer em qualquer parte do corpo que esteja exposta ao sol, ent\u00e3o a pele do couro cabeludo est\u00e1 suscet\u00edvel assim como outras partes. \u00c9 prov\u00e1vel que isso ocorra em \u00e1reas com cobertura esparsa de cabelo, como atr\u00e1s do couro cabeludo ou pesco\u00e7o. Ela tamb\u00e9m pode ser grave.<\/p>\n<p>Algumas pessoas s\u00e3o mais suscet\u00edveis a queimaduras de sol do que outras; pessoas com sardas ou ruivas, pessoas com doen\u00e7as autoimunes, quem toma certos medicamentos e pessoas com cabelos finos.<\/p>\n<h3>Voc\u00ea deveria aplicar FPS no couro cabeludo?<\/h3>\n<p>Com certeza, se voc\u00ea vai sair de casa por bastante tempo. Embora um cabelo espesso e bem fechado ofere\u00e7a prote\u00e7\u00e3o contra os raios solares, as \u00e1reas vis\u00edveis do couro cabeludo ainda s\u00e3o suscet\u00edveis a problemas de pele. \u00c9 por isso que a prote\u00e7\u00e3o solar \u00e9 t\u00e3o importante. Mas esteja ciente que o melanoma nem sempre \u00e9 causado por exposi\u00e7\u00e3o solar direta, ent\u00e3o mesmo quem tem cabelo grosso precisa cuidar do couro cabeludo.<\/p>\n<h3>Como usar FPS no couro cabeludo<\/h3>\n<p>A ideia de colocar FPS na cabe\u00e7a pode n\u00e3o ser muito atraente para voc\u00ea; a maioria dos indiv\u00edduos relutam em usar uma lo\u00e7\u00e3o ou creme na cabe\u00e7a. Felizmente, existem outras op\u00e7\u00f5es hoje em dia.<\/p>\n<p>Protetores em p\u00f3 fornecem uma excelente prote\u00e7\u00e3o ao couro cabeludo e atuam como um xampu a seco, fazendo deles a escolha perfeita. Se voc\u00ea n\u00e3o gosta de f\u00f3rmulas em p\u00f3, o spray para couro cabeludo \u00e9 outra \u00f3tima op\u00e7\u00e3o. Voc\u00ea pode borrifar na sua linha capilar, no cabelo e por toda a cabe\u00e7a sem causar oleosidade.<\/p>\n<h3>Por que voc\u00ea deve usar protetor solar<\/h3>\n<p>O protetor solar \u00e9 uma pr\u00e1tica preventiva vital que pode ser aplicada no inverno. Mesmo em dias nublados, as nuvens permitem que cerca de 80% dos raios ultravioletas (UV) passem, ent\u00e3o se voc\u00ea est\u00e1 pensando em sair sem protetor, pense novamente. Al\u00e9m disso, quanto maior a altitude, maior a exposi\u00e7\u00e3o UV. A seguir est\u00e3o alguns motivos para o FPS ser crucial.<\/p>\n<h3>Protege sua pele dos raios solares<\/h3>\n<p>O buraco na camada de oz\u00f4nio aumentou os riscos de queimaduras de sol dos raios UV nocivos. O protetor solar bloqueia esses pr\u00f3tons, reduzindo significativamente os riscos. Compre um produto com FPS de pelo menos 15 e aplique todos os dias.<\/p>\n<h3>Reduz a chance de c\u00e2ncer de pele<\/h3>\n<p>Nos EUA, o c\u00e2ncer de pele est\u00e1 entre os tipos mais comuns de c\u00e2ncer. De acordo com o Centers for Disease Control and Prevention (CDC), a ag\u00eancia de sa\u00fade p\u00fablica dos EUA, 71.943 pessoas foram diagnosticadas com melanomas cut\u00e2neos em 2013, e 9.394 resultaram em morte. Usar o protetor solar todos os dias diminui seu risco de desenvolver c\u00e2ncer de pele pela metade.<\/p>\n<h3>Previne envelhecimento da pele<\/h3>\n<p>Os raios UV causam o fotoenvelhecimento da pele. Isso resulta no desenvolvimento de uma camada grossa e espessa da pele, linhas de descolora\u00e7\u00e3o, vincos e flacidez. Alguns estudos sugerem que pessoas com menos de 55 anos que aplicam protetor solar regularmente possuem 24% menos chance de desenvolverem sinais da idade. Al\u00e9m disso, o protetor solar previne o dano UV que causa a descolora\u00e7\u00e3o e as manchas escuras, mantendo o tom de pele equilibrado.<\/p>\n<h3>Conclus\u00e3o<\/h3>\n<p>Seu couro cabeludo precisa de prote\u00e7\u00e3o do sol, independentemente do sol brilhar ou n\u00e3o. O FPS fornece essa prote\u00e7\u00e3o, e por isso voc\u00ea deve aplic\u00e1-la regularmente como parte da sua rotina de beleza.<\/p>\n<p>Os dermatologistas profissionais da Vinci Hair Clinic podem te ajudar a resolver qualquer problema de couro cabeludo que possa levar \u00e0 calv\u00edcie. Marque a sua avalia\u00e7\u00e3o gratuita ainda hoje!<\/p>\n","protected":false},"excerpt":{"rendered":"<p>Os entusiastas dos produtos de beleza sabem que nenhum regime matinal est\u00e1 completo sem o fator de prote\u00e7\u00e3o solar (FPS). Aplicar protetor solar \u00e9 obrigat\u00f3rio para evitar riscos do envelhecimento prematuro e de problemas de pele que surgem com a exposi\u00e7\u00e3o longa ao sol. Mas quando se trata de usar FPS no seu rosto pela [&hellip;]<\/p>\n","protected":false},"author":12,"featured_media":92795,"comment_status":"closed","ping_status":"closed","sticky":false,"template":"","format":"standard","meta":{"footnotes":""},"categories":[86],"tags":[],"class_list":["post-92831","post","type-post","status-publish","format-standard","has-post-thumbnail","hentry","category-vinci-hair-clinic-pt-br"],"_links":{"self":[{"href":"https:\/\/vincihairclinic.com\/pt-br\/wp-json\/wp\/v2\/posts\/92831","targetHints":{"allow":["GET"]}}],"collection":[{"href":"https:\/\/vincihairclinic.com\/pt-br\/wp-json\/wp\/v2\/posts"}],"about":[{"href":"https:\/\/vincihairclinic.com\/pt-br\/wp-json\/wp\/v2\/types\/post"}],"author":[{"embeddable":true,"href":"https:\/\/vincihairclinic.com\/pt-br\/wp-json\/wp\/v2\/users\/12"}],"replies":[{"embeddable":true,"href":"https:\/\/vincihairclinic.com\/pt-br\/wp-json\/wp\/v2\/comments?post=92831"}],"version-history":[{"count":1,"href":"https:\/\/vincihairclinic.com\/pt-br\/wp-json\/wp\/v2\/posts\/92831\/revisions"}],"predecessor-version":[{"id":208996,"href":"https:\/\/vincihairclinic.com\/pt-br\/wp-json\/wp\/v2\/posts\/92831\/revisions\/208996"}],"wp:featuredmedia":[{"embeddable":true,"href":"https:\/\/vincihairclinic.com\/pt-br\/wp-json\/wp\/v2\/media\/92795"}],"wp:attachment":[{"href":"https:\/\/vincihairclinic.com\/pt-br\/wp-json\/wp\/v2\/media?parent=92831"}],"wp:term":[{"taxonomy":"category","embeddable":true,"href":"https:\/\/vincihairclinic.com\/pt-br\/wp-json\/wp\/v2\/categories?post=92831"},{"taxonomy":"post_tag","embeddable":true,"href":"https:\/\/vincihairclinic.com\/pt-br\/wp-json\/wp\/v2\/tags?post=92831"}],"curies":[{"name":"wp","href":"https:\/\/api.w.org\/{rel}","templated":true}]}}