{"id":92829,"date":"2022-02-21T09:00:50","date_gmt":"2022-02-21T09:00:50","guid":{"rendered":"http:\/\/vincihairclinic.com\/?p=92829"},"modified":"2026-02-18T11:16:25","modified_gmt":"2026-02-18T11:16:25","slug":"a-deficiencia-de-tiamina-pode-causar-calvicie","status":"publish","type":"post","link":"https:\/\/vincihairclinic.com\/pt-br\/a-deficiencia-de-tiamina-pode-causar-calvicie\/","title":{"rendered":"A defici\u00eancia de tiamina pode causar calv\u00edcie?"},"content":{"rendered":"<p>A calv\u00edcie pode impactar tanto o visual quanto a sua autoestima. Ela \u00e9 um problema vasto que afeta 67% dos homens e 24% das mulheres, de acordo com um estudo. A causa mais comum da calv\u00edcie \u00e9 a calv\u00edcie padr\u00e3o masculina e feminina.<\/p>\n<p>A calv\u00edcie tamb\u00e9m pode indicar a exist\u00eancia de v\u00e1rios problemas de sa\u00fade, tais como a defici\u00eancia de tiamina. A tiamina \u00e9 um termo t\u00e9cnico para a vitamina B1.<\/p>\n<p>A classe da vitamina B \u00e9 essencial para a sa\u00fade, mas a tiamina se destaca das demais como um dos nutrientes mais importantes. O motivo \u00e9 que a vitamina B1 \u00e9 particularmente ben\u00e9fica para a sa\u00fade capilar. Vamos analisar os aspectos da vitamina B1 para o cabelo e como a sua falta pode afetar suas madeixas.<\/p>\n<h3>O que exatamente \u00e9 a tiamina?<\/h3>\n<p>Todas as vitaminas B s\u00e3o ben\u00e9ficas e necess\u00e1rias para a sua sa\u00fade. A B1 ou tiamina \u00e9 essencial para o metabolismo e para o crescimento e funcionamento das c\u00e9lulas do corpo. Ela geralmente \u00e9 encontrada em suplementos vitam\u00ednicos de melhor qualidade, porque \u00e9 muito ben\u00e9fica para as c\u00e9lulas capilares.<\/p>\n<p>Fraqueza muscular, fadiga, dano aos nervos e calv\u00edcie s\u00e3o sintomas da defici\u00eancia de vitamina B1. Se voc\u00ea sofre com alguns destes sintomas e est\u00e1 preocupado sobre a defici\u00eancia de vitamina B1, ent\u00e3o a soja, ovos, castanhas, carnes magras, cereais e suplementos multivitam\u00ednicos s\u00e3o fontes excelentes de tiamina. Assim como o restante da fam\u00edlia da vitamina B, a tiamina \u00e9 sol\u00favel em \u00e1gua.<\/p>\n<h3>Qual a fun\u00e7\u00e3o da tiamina?<\/h3>\n<p>Vitamin B1 is undeniably vital for a variety of processes. It aids in manufacturing adenosine triphosphate (ATP), amino acid synthesis and nicotinamide adenine dinucleotide phosphate hydrogen (NADPH) formation. Vitamin B1&#8217;s participation in these processes, like other B-complex vitamins, is essential to support claims that it can prevent hair loss.<\/p>\n<h3>Cinco benef\u00edcios da tiamina para crescimento capilar<\/h3>\n<p>A tiamina n\u00e3o apenas previne a calv\u00edcie. Ela pode ajudar a renovar o cabelo tamb\u00e9m. O metabolismo do seu corpo se deteriora com o tempo, inibindo o crescimento capilar. O cabelo tamb\u00e9m fica mais fr\u00e1gil por conta dos fatores ambientais. Utilizar um suplemento de vitamina B \u00e9 uma das melhores formas de evitar isso. Aqui est\u00e3o os motivos:<\/p>\n<h3>Bom para o cabelo e para o sistema nervoso<\/h3>\n<p>A vitamina B1 \u00e9 boa para a sua sa\u00fade e para seu sistema nervoso. O que isso tem a ver com o crescimento capilar? O dano aos nervos causa interrup\u00e7\u00e3o dos sinais entre as c\u00e9lulas do seu corpo, o que significa que as c\u00e9lulas do cabelo n\u00e3o crescem totalmente. A tiamina previne isso, protegendo os nervos.<\/p>\n<h3>Qualidades antioxidantes<\/h3>\n<p>A vitamina B1 possui propriedades antioxidantes. Isso protege seus fol\u00edculos capilares e outros tecidos vitais do dano dos radicais livres. Isso se torna mais importante com a idade, pois o corpo gera cada vez mais radicais livres. A tiamina pode ajudar, al\u00e9m de manter seu cabelo saud\u00e1vel e macio.<\/p>\n<h3>Condi\u00e7\u00e3o do metabolismo<\/h3>\n<p>A tiamina exerce um papel crucial no metabolismo. Ela garante que seu metabolismo esteja em ordem e que seu cabelo e couro cabeludo recebam os nutrientes necess\u00e1rios. Lembre-se que o seu cabelo \u00e9 um material que exige muita energia e nutri\u00e7\u00e3o. Pode ser que voc\u00ea sofra de calv\u00edcie por falta de vitamina B1, j\u00e1 que seu cabelo n\u00e3o recebe todos os nutrientes necess\u00e1rios para sua condi\u00e7\u00e3o.<\/p>\n<h3>Al\u00edvio do estresse<\/h3>\n<p>O estresse excessivo pode levar ao cabelo seco e fr\u00e1gil, e tamb\u00e9m \u00e0 calv\u00edcie. Isso ocorre por conta do impacto dos horm\u00f4nios do estresse que s\u00e3o liberados no corpo. A tiamina controla seu corpo e reduz a ansiedade. Se voc\u00ea se sente calmo e equilibrado, seu metabolismo come\u00e7a a operar de forma mais eficaz, aumentando sua energia.<\/p>\n<h3>Enfrenta o cabelo quebradi\u00e7o e fr\u00e1gil<\/h3>\n<p>A tiamina ajuda na preven\u00e7\u00e3o da constri\u00e7\u00e3o dos vasos sangu\u00edneos. A melhora da circula\u00e7\u00e3o sangu\u00ednea permite que mais oxig\u00eanio e nutrientes cheguem at\u00e9 o cabelo, levando ao crescimento vibrante e lustroso. Os vasos fechados impedem a circula\u00e7\u00e3o, causando ressecamento do couro cabeludo. Um couro cabeludo seco causa caspa e retira a umidade do cabelo deixando ele quebradi\u00e7o e ressecado.<\/p>\n<h3>Conclus\u00e3o<\/h3>\n<p>Embora a calv\u00edcie possa ocorrer por defici\u00eancia de vitamina B1, \u00e9 essencial conversar sobre seus sintomas com um especialista antes de tomar conclus\u00f5es. O m\u00e9dico pode verificar poss\u00edveis defici\u00eancias nutricionais, propor uma alimenta\u00e7\u00e3o e suplementa\u00e7\u00e3o, ou mesmo prescrever outros tratamentos. Tamb\u00e9m \u00e9 poss\u00edvel ter v\u00e1rias formas de calv\u00edcie simultaneamente, ent\u00e3o receber o diagn\u00f3stico adequado \u00e9 crucial. Saber como e onde conseguir a tiamina tamb\u00e9m pode ajudar.<\/p>\n<p>Se voc\u00ea tem alguma preocupa\u00e7\u00e3o sobre a calv\u00edcie ou afinamento, a Vinci Hair Clinic pode te ajudar com o diagn\u00f3stico e tratamento da sua condi\u00e7\u00e3o. Entre em contato hoje e marque a sua avalia\u00e7\u00e3o gratuita e sem compromisso!<\/p>\n","protected":false},"excerpt":{"rendered":"<p>A calv\u00edcie pode impactar tanto o visual quanto a sua autoestima. Ela \u00e9 um problema vasto que afeta 67% dos homens e 24% das mulheres, de acordo com um estudo. A causa mais comum da calv\u00edcie \u00e9 a calv\u00edcie padr\u00e3o masculina e feminina. A calv\u00edcie tamb\u00e9m pode indicar a exist\u00eancia de v\u00e1rios problemas de sa\u00fade, [&hellip;]<\/p>\n","protected":false},"author":12,"featured_media":92788,"comment_status":"closed","ping_status":"closed","sticky":false,"template":"","format":"standard","meta":{"footnotes":""},"categories":[86],"tags":[],"class_list":["post-92829","post","type-post","status-publish","format-standard","has-post-thumbnail","hentry","category-vinci-hair-clinic-pt-br"],"_links":{"self":[{"href":"https:\/\/vincihairclinic.com\/pt-br\/wp-json\/wp\/v2\/posts\/92829","targetHints":{"allow":["GET"]}}],"collection":[{"href":"https:\/\/vincihairclinic.com\/pt-br\/wp-json\/wp\/v2\/posts"}],"about":[{"href":"https:\/\/vincihairclinic.com\/pt-br\/wp-json\/wp\/v2\/types\/post"}],"author":[{"embeddable":true,"href":"https:\/\/vincihairclinic.com\/pt-br\/wp-json\/wp\/v2\/users\/12"}],"replies":[{"embeddable":true,"href":"https:\/\/vincihairclinic.com\/pt-br\/wp-json\/wp\/v2\/comments?post=92829"}],"version-history":[{"count":1,"href":"https:\/\/vincihairclinic.com\/pt-br\/wp-json\/wp\/v2\/posts\/92829\/revisions"}],"predecessor-version":[{"id":208997,"href":"https:\/\/vincihairclinic.com\/pt-br\/wp-json\/wp\/v2\/posts\/92829\/revisions\/208997"}],"wp:featuredmedia":[{"embeddable":true,"href":"https:\/\/vincihairclinic.com\/pt-br\/wp-json\/wp\/v2\/media\/92788"}],"wp:attachment":[{"href":"https:\/\/vincihairclinic.com\/pt-br\/wp-json\/wp\/v2\/media?parent=92829"}],"wp:term":[{"taxonomy":"category","embeddable":true,"href":"https:\/\/vincihairclinic.com\/pt-br\/wp-json\/wp\/v2\/categories?post=92829"},{"taxonomy":"post_tag","embeddable":true,"href":"https:\/\/vincihairclinic.com\/pt-br\/wp-json\/wp\/v2\/tags?post=92829"}],"curies":[{"name":"wp","href":"https:\/\/api.w.org\/{rel}","templated":true}]}}