{"id":91434,"date":"2022-02-18T09:00:04","date_gmt":"2022-02-18T09:00:04","guid":{"rendered":"http:\/\/vincihairclinic.com\/?p=91434"},"modified":"2026-02-18T11:16:26","modified_gmt":"2026-02-18T11:16:26","slug":"covid-19-realmente-esta-causando-calvicie","status":"publish","type":"post","link":"https:\/\/vincihairclinic.com\/pt-br\/covid-19-realmente-esta-causando-calvicie\/","title":{"rendered":"COVID-19 realmente est\u00e1 causando calv\u00edcie?"},"content":{"rendered":"<p>Conseguir identificar os sintomas do coronav\u00edrus \u00e9 o primeiro passo para se proteger. Quando sentimos que estamos com alguns dos sintomas descritos, devemos nos distanciar das outras pessoas para proteg\u00ea-las no caso de um teste positivo para o v\u00edrus.<\/p>\n<p>Quem foi afetado pela doen\u00e7a afirma que sofreu alguns efeitos colaterais inesperados. Al\u00e9m dos efeitos comuns como a perda do olfato, paladar, e da fadiga prolongada, alguns pacientes relataram outros sintomas p\u00f3s-COVID como a perda de cabelos.<\/p>\n<p>Pessoas infectadas com o v\u00edrus, e com a variante Omicrom em particular, culparam ele pela perda de cabelo. Como relatado pelo <a href=\"https:\/\/www.mirror.co.uk\/lifestyle\/health\/devastating-omicron-symptom-hair-only-25976973\" target=\"_blank\" rel=\"noopener\">Mirror<\/a>, esses sintomas apareceram em v\u00e1rios pacientes, causando p\u00e2nico em seu surgimento. Mas o v\u00edrus pode realmente causar calv\u00edcie?<\/p>\n<h3>H\u00e1 provas de que COVID-19 cause calv\u00edcie?<\/h3>\n<p>Hackensack University Medical Center publicou um estudo depois de pesquisar pacientes de Covid e descobriu um aumento na calv\u00edcie depois da infec\u00e7\u00e3o com o v\u00edrus. Os pesquisadores chegaram \u00e0 conclus\u00e3o de que as pessoas sofrem com calv\u00edcie por um per\u00edodo de algumas semanas a at\u00e9 tr\u00eas meses depois da infec\u00e7\u00e3o.<\/p>\n<p>Paula Diaz, uma paciente hospitalizada por seis dias depois de contrair o coronav\u00edrus, compartilhou sua experi\u00eancia: \u201cDepois de sair do hospital, comecei a ver meu cabelo caindo em tufos, e foi devastador.\u201d<\/p>\n<p>O Instituto de Tricologia do Reino Unido, que realiza pesquisas sobre doen\u00e7as do couro cabeludo e do cabelo, relatou algumas destas descobertas. Foram encontradas evid\u00eancias globais sobre a calv\u00edcie e a Covid-19.<\/p>\n<p>\u201cCerca de um ter\u00e7o (423) dos 1.567 participantes analisados relataram um aumento na queda de cabelo entre os sintomas de longo prazo da Covid, em uma <a href=\"https:\/\/dig.abclocal.go.com\/wls\/documents\/2020\/072720-wls-covid-symptom-study-doc.pdf\" target=\"_blank\" rel=\"noopener\">pesquisa<\/a> realizada pela Escola de Medicina da Universidade de Indiana.<\/p>\n<p>Al\u00e9m disso, a Escola de Medicina da Universidade de Usak (Turquia) relatou um aumento significativo de 33% depois da pandemia em pacientes diagnosticados com alopecia (o termo m\u00e9dico para calv\u00edcie).<\/p>\n<h3>Quais s\u00e3o os motivos por tr\u00e1s da calv\u00edcie causada por COVID-19?<\/h3>\n<p>Os especialistas identificaram dois motivos para o Covid-19 causar calv\u00edcie: inflama\u00e7\u00e3o e estresse. O primeiro motivo ocorre quando o corpo fica muito reativo enquanto combate o v\u00edrus.<\/p>\n<p>Covid tamb\u00e9m causa estresse, e estresse \u00e9 um fator importante para a calv\u00edcie. A Academia Americana de Dermatologia (AAD) menciona que a calv\u00edcie \u00e9 um efeito natural da infec\u00e7\u00e3o com o v\u00edrus. A AAD tamb\u00e9m destaca que a Covid-19 geralmente \u00e9 acompanhada de febre.<\/p>\n<p>\u201cEmbora muitas pessoas pensem que isso seja calv\u00edcie, na verdade \u00e9 uma troca de cabelo. A maioria delas perceber\u00e1 a troca de cabelo em dois a tr\u00eas meses depois da febre. O processo de troca de cabelo pode durar de seis a nove meses antes do crescimento capilar retornar ao normal.\u201d<\/p>\n<p>O coronav\u00edrus estimula duas condu\u00e7\u00f5es de calv\u00edcie, de acordo com especialistas. A primeira \u00e9 o <a href=\"https:\/\/www.webmd.com\/connect-to-care\/hair-loss\/telogen-effluvium-symptoms-to-know-about\" target=\"_blank\" rel=\"noopener\">efl\u00favio tel\u00f3geno<\/a> (ET). O tel\u00f3geno \u00e9 a fase da troca de cabelo que forma a parte do ciclo de crescimento capilar. Uma pessoa saud\u00e1vel possui cerca de 10% dos seus fios nessa fase, o que resulta em uma perda di\u00e1ria de 50-100 fios de cabelo.<\/p>\n<p>Quando o cabelo passa para a fase de ET, mais de 50% de todo o cabelo troca imediatamente. Isso dura cerca de seis meses, mas pode se estender por mais tempo sob os efeitos do estresse ou outros fatores.<\/p>\n<p>A segunda condi\u00e7\u00e3o capilar que causa calv\u00edcie e que \u00e9 estimulada por uma condi\u00e7\u00e3o \u00e9 a\u00a0 <a href=\"https:\/\/www.webmd.com\/skin-problems-and-treatments\/guide\/alopecia-areata\" target=\"_blank\" rel=\"noopener\">alopecia areata<\/a>. A inflama\u00e7\u00e3o faz com que os fol\u00edculos capilares sejam atacados pelo sistema imunol\u00f3gico. \u00c9 uma condi\u00e7\u00e3o autoimune que n\u00e3o requer tratamento, embora inje\u00e7\u00f5es de ester\u00f3ides possam aliviar os sintomas. Em casos raros, estes sintomas podem se tornar permanentes.<\/p>\n<h3>O que devo fazer para controlar a calv\u00edcie causada por COVID-19?<\/h3>\n<p>Se voc\u00ea ou um parente seu contrair o v\u00edrus, a melhor solu\u00e7\u00e3o \u00e9 conversar com um especialista, tal como um dermatologista certificado, que possa diagnosticar o problema.<\/p>\n<p>O m\u00e9todo usado para identificar a condi\u00e7\u00e3o de calv\u00edcie ativada pelo estresse \u00e9 baseado na elimina\u00e7\u00e3o de outras causas em potencial. Um teste de sangue pode ser suficiente para seu dermatologista verificar se existe alguma defici\u00eancia nutricional, um problema de tire\u00f3ide ou outros fatores que causem calv\u00edcie.<\/p>\n<p>Ent\u00e3o, voc\u00ea pode receber suplementos alimentares que contenham biotina, vitamina D e ferro para controlar a queda de cabelo e promover o crescimento. Uma dieta controlada e alguns medicamentos prescritos podem reduzir o estresse e a inflama\u00e7\u00e3o.<\/p>\n<h3>Resumo<\/h3>\n<p>Os especialistas afirmam que a calv\u00edcie \u00e9 uma das consequ\u00eancias do Covid-19. Como visto acima, o aumento no estresse exerce um papel fundamental na queda capilar, mas a inflama\u00e7\u00e3o tamb\u00e9m pode ser a causa. O primeiro passo para acabar com a calv\u00edcie \u00e9 identificar a causa correta.<\/p>\n<p>Visitar um dermatologista ou um especialista capilar \u00e9 a maneira mais r\u00e1pida de se tratar adequadamente. A Vinci Hair Clinic oferece uma avalia\u00e7\u00e3o gratuita para todos os nossos clientes, para que voc\u00ea poupe dinheiro e tempo marcando uma avalia\u00e7\u00e3o com nossos especialistas. Entre em contato hoje &#8211; temos cl\u00ednicas em todo o mundo!<\/p>\n","protected":false},"excerpt":{"rendered":"<p>Conseguir identificar os sintomas do coronav\u00edrus \u00e9 o primeiro passo para se proteger. Quando sentimos que estamos com alguns dos sintomas descritos, devemos nos distanciar das outras pessoas para proteg\u00ea-las no caso de um teste positivo para o v\u00edrus. Quem foi afetado pela doen\u00e7a afirma que sofreu alguns efeitos colaterais inesperados. Al\u00e9m dos efeitos comuns [&hellip;]<\/p>\n","protected":false},"author":12,"featured_media":91408,"comment_status":"closed","ping_status":"closed","sticky":false,"template":"","format":"standard","meta":{"footnotes":""},"categories":[86],"tags":[],"class_list":["post-91434","post","type-post","status-publish","format-standard","has-post-thumbnail","hentry","category-vinci-hair-clinic-pt-br"],"_links":{"self":[{"href":"https:\/\/vincihairclinic.com\/pt-br\/wp-json\/wp\/v2\/posts\/91434","targetHints":{"allow":["GET"]}}],"collection":[{"href":"https:\/\/vincihairclinic.com\/pt-br\/wp-json\/wp\/v2\/posts"}],"about":[{"href":"https:\/\/vincihairclinic.com\/pt-br\/wp-json\/wp\/v2\/types\/post"}],"author":[{"embeddable":true,"href":"https:\/\/vincihairclinic.com\/pt-br\/wp-json\/wp\/v2\/users\/12"}],"replies":[{"embeddable":true,"href":"https:\/\/vincihairclinic.com\/pt-br\/wp-json\/wp\/v2\/comments?post=91434"}],"version-history":[{"count":1,"href":"https:\/\/vincihairclinic.com\/pt-br\/wp-json\/wp\/v2\/posts\/91434\/revisions"}],"predecessor-version":[{"id":208998,"href":"https:\/\/vincihairclinic.com\/pt-br\/wp-json\/wp\/v2\/posts\/91434\/revisions\/208998"}],"wp:featuredmedia":[{"embeddable":true,"href":"https:\/\/vincihairclinic.com\/pt-br\/wp-json\/wp\/v2\/media\/91408"}],"wp:attachment":[{"href":"https:\/\/vincihairclinic.com\/pt-br\/wp-json\/wp\/v2\/media?parent=91434"}],"wp:term":[{"taxonomy":"category","embeddable":true,"href":"https:\/\/vincihairclinic.com\/pt-br\/wp-json\/wp\/v2\/categories?post=91434"},{"taxonomy":"post_tag","embeddable":true,"href":"https:\/\/vincihairclinic.com\/pt-br\/wp-json\/wp\/v2\/tags?post=91434"}],"curies":[{"name":"wp","href":"https:\/\/api.w.org\/{rel}","templated":true}]}}