{"id":89678,"date":"2022-02-07T09:00:17","date_gmt":"2022-02-07T09:00:17","guid":{"rendered":"http:\/\/vincihairclinic.com\/?p=89678"},"modified":"2026-02-18T11:16:31","modified_gmt":"2026-02-18T11:16:31","slug":"seis-mitos-sobre-a-calvicie-masculina-que-precisamos-discutir","status":"publish","type":"post","link":"https:\/\/vincihairclinic.com\/pt-br\/seis-mitos-sobre-a-calvicie-masculina-que-precisamos-discutir\/","title":{"rendered":"Seis mitos sobre a calv\u00edcie masculina que precisamos discutir"},"content":{"rendered":"<p>Geralmente, os homens n\u00e3o se preocupam sobre a apar\u00eancia, mas a calv\u00edcie \u00e9 algo dif\u00edcil de ignorar. Ela se torna um problema t\u00e3o grande que pode causar d\u00favidas e medo. As empresas de produtos capilares se beneficiam desse medo, produzindo \u2018s\u00e9runs m\u00e1gicos para o cabelo\u2019. Entretanto, esses s\u00e9runs possuem pouco sucesso na restaura\u00e7\u00e3o ou do aumento de densidade dos fol\u00edculos capilares.<\/p>\n<p>Os horm\u00f4nios e fatores gen\u00e9ticos s\u00e3o essenciais na calv\u00edcie padr\u00e3o masculina (CPM). De acordo com os cientistas, o horm\u00f4nio masculino, conhecido como Dihidrotestosterona (DHT), cont\u00e9m os detalhes das caracter\u00edsticas masculinas e \u00e9 respons\u00e1vel pelo aumento do crescimento capilar. Uma quantidade excessiva de DHT leva \u00e0 diminui\u00e7\u00e3o do ciclo de crescimento capilar, que requer subst\u00e2ncias qu\u00edmicas e f\u00f3rmulas que regulam este ciclo.<\/p>\n<p>Geralmente, culpamos a calv\u00edcie em coisas simples como ficar sob o sol e usar um chap\u00e9u. Mas isso geralmente \u00e9 um mito que existe h\u00e1 muito tempo, e hoje vamos acabar com alguns deles para deixar voc\u00ea mais tranquilo.<\/p>\n<ol>\n<li>\n<h3>Sua m\u00e3e \u00e9 culpada pela calv\u00edcie!<\/h3>\n<\/li>\n<\/ol>\n<p>A calv\u00edcie geralmente \u00e9 atribu\u00edda ao cromossomo X, que \u00e9 herdado das mulheres. Isso levou muitas pessoas a acreditarem que a m\u00e3e delas era culpada pela calv\u00edcie. Na verdade, isso \u00e9 parcialmente verdade, j\u00e1 que o tra\u00e7o gen\u00e9tico pode permanecer escondido por gera\u00e7\u00f5es antes de aparecer, e ele \u00e9 herdado de ambos os g\u00eaneros.<\/p>\n<p>Encontrar a causa gen\u00e9tica da calv\u00edcie \u00e9 dif\u00edcil. N\u00f3s calculamos a gravidade da calv\u00edcie com a Escala Norwood, que consiste em sete n\u00edveis diferentes. Se a sua calv\u00edcie est\u00e1 no N\u00edvel 2 mas seu pai possui cabelo denso, n\u00e3o culpe a heran\u00e7a gen\u00e9tica de sua m\u00e3e imediatamente, pois o tra\u00e7o pode ter permanecido escondido por gera\u00e7\u00f5es.<\/p>\n<ol start=\"2\">\n<li>\n<h3>Estresse causa calv\u00edcie permanente<\/h3>\n<\/li>\n<\/ol>\n<p>N\u00edveis consider\u00e1veis de estresse podem influenciar na calv\u00edcie. Por\u00e9m, a calv\u00edcie permanente geralmente \u00e9 hormonal ou gen\u00e9tica. A calv\u00edcie ocorre durante per\u00edodos estressantes, como quando voc\u00ea perde o emprego ou um parente, e \u00e9 apenas tempor\u00e1rio pois o cabelo se recupera sozinho.<\/p>\n<p>Pesquisas descobriram que o aumento no horm\u00f4nio do estresse afeta o ciclo de crescimento capilar, interrompendo ele por um momento. Como resultado, a queda capilar aumenta durante o per\u00edodo estressante. O estresse influencia n\u00e3o apenas a altera\u00e7\u00e3o hormonal, mas tamb\u00e9m o arrancamento de cabelos. Por\u00e9m, o estresse n\u00e3o pode causar uma calv\u00edcie imediata ou permanente caso seja controlada.<\/p>\n<ol start=\"3\">\n<li>\n<h3>Calv\u00edcie \u00e9 causada pela exposi\u00e7\u00e3o solar<\/h3>\n<\/li>\n<\/ol>\n<p>Gastar tempo demais exposto ao sol pode danificar sua pele, mas possui um pequeno impacto em sua calv\u00edcie. Longos per\u00edodos de exposi\u00e7\u00e3o ao sol podem deixar o cabelo mais leve, quebradi\u00e7o e com menos volume.<\/p>\n<p>A exposi\u00e7\u00e3o moderada ao sol pode ser ben\u00e9fica para o clareamento capilar, j\u00e1 que ela fornece vitamina D. Se voc\u00ea vai passar tempo demais no sol, considere usar uma m\u00e1scara condicionadora. Isso fornece prote\u00e7\u00e3o para seu cabelo, mas n\u00e3o precisa se preocupar com a exposi\u00e7\u00e3o solar causando calv\u00edcie.<\/p>\n<ol start=\"4\">\n<li>\n<h3>Usar chap\u00e9u por muito tempo causa calv\u00edcie<\/h3>\n<\/li>\n<\/ol>\n<p>Um mito comum \u00e9 que usar chap\u00e9u, principalmente os apertados, pode causar calv\u00edcie. A verdade \u00e9 que chap\u00e9us apertados limitam a circula\u00e7\u00e3o sangu\u00ednea para os fol\u00edculos capilares, e podem fazer com que alguns fios caiam, mas isso n\u00e3o leva \u00e0 calv\u00edcie permanente.<\/p>\n<p>Tenha em mente que nenhuma das causas externas como produtos capilares, ferramentas quentes ou a press\u00e3o do arrancamento (conhecida como alopecia de tra\u00e7\u00e3o) podem causar calv\u00edcie permanente. Apenas fatores gen\u00e9ticos causam calv\u00edcie permanente. Mantenha uma rotina capilar saud\u00e1vel, e n\u00e3o ser\u00e1 necess\u00e1rio parar de usar chap\u00e9us.<\/p>\n<ol start=\"5\">\n<li>\n<h3>Lavar seu cabelo demais pode levar \u00e0 calv\u00edcie<\/h3>\n<\/li>\n<\/ol>\n<p>Percebemos o cabelo caindo principalmente durante o banho. \u00c9 normal que o uso de xampu ou de press\u00e3o durante a lavagem pode fazer com que alguns fios caiam, ent\u00e3o algumas pessoas culpam a limpeza pela calv\u00edcie.<\/p>\n<p>Entretanto, a queda capilar durante a limpeza ou o secamento \u00e9 completamente normal e n\u00e3o deve ser temida (a menos que ocorra em grandes quantidades). Na verdade ela \u00e9 ben\u00e9fica para se livrar dos fios danificados. Portanto, continue usando xampu e lavando seu cabelo normalmente, pois \u00e9 improv\u00e1vel que isso cause calv\u00edcie permanente.<\/p>\n<ol start=\"6\">\n<li>\n<h3>Calv\u00edcie pode ser causada por testosterona excessiva<\/h3>\n<\/li>\n<\/ol>\n<p>Os n\u00edveis de testosterona n\u00e3o est\u00e3o diretamente relacionados \u00e0 calv\u00edcie. Por\u00e9m, o que pode ativar a calv\u00edcie \u00e9 o horm\u00f4nio produzido pela testosterona, o DHT, como mencionado acima, e produzido pela enzima 5\u03b1-redutase. Entretanto, a testosterona n\u00e3o causa calv\u00edcie permanente.<\/p>\n<h3>Conclus\u00e3o<\/h3>\n<p>A calv\u00edcie tempor\u00e1ria pode ser confundida com a calv\u00edcie, mas muitas conex\u00f5es com a calv\u00edcie, como usar chap\u00e9us apertados ou ficar muito tempo ao sol, s\u00e3o apenas mitos. Moderar sua rotina de limpeza e usar chap\u00e9us mais soltos pode prevenir a calv\u00edcie tempor\u00e1ria.<\/p>\n<p>Se voc\u00ea perceber que seus cabelos est\u00e3o caindo demais, \u00e9 melhor consultar um especialista. A Vinci Hair Clinic \u00e9 l\u00edder mundial na restaura\u00e7\u00e3o capilar. Oferecemos avalia\u00e7\u00f5es gratuitas a todos os nossos clientes, ent\u00e3o entre em contato e marque seu hor\u00e1rio ainda hoje!<\/p>\n","protected":false},"excerpt":{"rendered":"<p>Geralmente, os homens n\u00e3o se preocupam sobre a apar\u00eancia, mas a calv\u00edcie \u00e9 algo dif\u00edcil de ignorar. Ela se torna um problema t\u00e3o grande que pode causar d\u00favidas e medo. As empresas de produtos capilares se beneficiam desse medo, produzindo \u2018s\u00e9runs m\u00e1gicos para o cabelo\u2019. Entretanto, esses s\u00e9runs possuem pouco sucesso na restaura\u00e7\u00e3o ou do [&hellip;]<\/p>\n","protected":false},"author":12,"featured_media":89637,"comment_status":"closed","ping_status":"closed","sticky":false,"template":"","format":"standard","meta":{"footnotes":""},"categories":[86],"tags":[],"class_list":["post-89678","post","type-post","status-publish","format-standard","has-post-thumbnail","hentry","category-vinci-hair-clinic-pt-br"],"_links":{"self":[{"href":"https:\/\/vincihairclinic.com\/pt-br\/wp-json\/wp\/v2\/posts\/89678","targetHints":{"allow":["GET"]}}],"collection":[{"href":"https:\/\/vincihairclinic.com\/pt-br\/wp-json\/wp\/v2\/posts"}],"about":[{"href":"https:\/\/vincihairclinic.com\/pt-br\/wp-json\/wp\/v2\/types\/post"}],"author":[{"embeddable":true,"href":"https:\/\/vincihairclinic.com\/pt-br\/wp-json\/wp\/v2\/users\/12"}],"replies":[{"embeddable":true,"href":"https:\/\/vincihairclinic.com\/pt-br\/wp-json\/wp\/v2\/comments?post=89678"}],"version-history":[{"count":1,"href":"https:\/\/vincihairclinic.com\/pt-br\/wp-json\/wp\/v2\/posts\/89678\/revisions"}],"predecessor-version":[{"id":209005,"href":"https:\/\/vincihairclinic.com\/pt-br\/wp-json\/wp\/v2\/posts\/89678\/revisions\/209005"}],"wp:featuredmedia":[{"embeddable":true,"href":"https:\/\/vincihairclinic.com\/pt-br\/wp-json\/wp\/v2\/media\/89637"}],"wp:attachment":[{"href":"https:\/\/vincihairclinic.com\/pt-br\/wp-json\/wp\/v2\/media?parent=89678"}],"wp:term":[{"taxonomy":"category","embeddable":true,"href":"https:\/\/vincihairclinic.com\/pt-br\/wp-json\/wp\/v2\/categories?post=89678"},{"taxonomy":"post_tag","embeddable":true,"href":"https:\/\/vincihairclinic.com\/pt-br\/wp-json\/wp\/v2\/tags?post=89678"}],"curies":[{"name":"wp","href":"https:\/\/api.w.org\/{rel}","templated":true}]}}