{"id":210742,"date":"2026-04-21T09:00:39","date_gmt":"2026-04-21T08:00:39","guid":{"rendered":"https:\/\/vincihairclinic.com\/?p=210742"},"modified":"2026-04-27T07:49:14","modified_gmt":"2026-04-27T06:49:14","slug":"melhores-tratamentos-para-queda-de-cabelo-no-reino-unido","status":"publish","type":"post","link":"https:\/\/vincihairclinic.com\/pt-br\/melhores-tratamentos-para-queda-de-cabelo-no-reino-unido\/","title":{"rendered":"Melhores tratamentos para queda de cabelo no Reino Unido"},"content":{"rendered":"<h1 aria-level=\"1\"><span data-contrast=\"none\">Melhores tratamentos para queda de cabelo no Reino Unido<\/span><span data-ccp-props=\"{&quot;134245418&quot;:false,&quot;134245529&quot;:false,&quot;201341983&quot;:0,&quot;335557856&quot;:16777215,&quot;335559738&quot;:480,&quot;335559739&quot;:120,&quot;335559740&quot;:288}\">\u00a0<\/span><\/h1>\n<p><span data-contrast=\"none\">Os melhores tratamentos para queda de cabelo dispon\u00edveis no Reino Unido incluem medicamentos clinicamente comprovados, como\u00a0minoxidil\u00a0e finasterida, terapias regenerativas como PRP, op\u00e7\u00f5es cir\u00fargicas como transplantes FUE e alternativas n\u00e3o invasivas, incluindo terapia a laser de baixa intensidade e micropigmenta\u00e7\u00e3o capilar. A escolha certa depende da causa e do est\u00e1gio da sua queda de cabelo.<\/span><span data-ccp-props=\"{&quot;335557856&quot;:16777215,&quot;335559739&quot;:220}\">\u00a0<\/span><\/p>\n<h2 aria-level=\"2\"><span data-contrast=\"none\">\u00cdndice<\/span><span data-ccp-props=\"{&quot;134245418&quot;:false,&quot;134245529&quot;:false,&quot;201341983&quot;:0,&quot;335559738&quot;:360,&quot;335559739&quot;:80,&quot;335559740&quot;:288}\">\u00a0<\/span><\/h2>\n<ol>\n<li><span data-contrast=\"none\">Minoxidil: O ponto de partida sem receita m\u00e9dica<\/span><span data-ccp-props=\"{&quot;335559685&quot;:720,&quot;335559991&quot;:360}\">\u00a0<\/span><\/li>\n<li><span data-contrast=\"none\">Finasterida: a prescri\u00e7\u00e3o que ataca a causa raiz.<\/span><span data-ccp-props=\"{&quot;335559685&quot;:720,&quot;335559991&quot;:360}\">\u00a0<\/span><\/li>\n<li><span data-contrast=\"none\">Terapia PRP: Utilizando os Fatores de Crescimento do Seu Pr\u00f3prio Corpo<\/span><span data-ccp-props=\"{&quot;335559685&quot;:720,&quot;335559991&quot;:360}\">\u00a0<\/span><\/li>\n<li><span data-contrast=\"none\">Cirurgia de Transplante Capilar: A Solu\u00e7\u00e3o Definitiva<\/span><span data-ccp-props=\"{&quot;335559685&quot;:720,&quot;335559991&quot;:360}\">\u00a0<\/span><\/li>\n<li><span data-contrast=\"none\">Terapia com laser de baixa intensidade: estimula\u00e7\u00e3o capilar baseada em luz<\/span><span data-ccp-props=\"{&quot;335559685&quot;:720,&quot;335559991&quot;:360}\">\u00a0<\/span><\/li>\n<li><span data-contrast=\"none\">Micropigmenta\u00e7\u00e3o capilar: um impulso de confian\u00e7a sem cirurgia<\/span><span data-ccp-props=\"{&quot;335559685&quot;:720,&quot;335559991&quot;:360}\">\u00a0<\/span><\/li>\n<li><span data-contrast=\"none\">Mudan\u00e7as no estilo de vida que favorecem a sa\u00fade capilar<\/span><span data-ccp-props=\"{&quot;335559685&quot;:720,&quot;335559991&quot;:360}\">\u00a0<\/span><\/li>\n<li><span data-contrast=\"none\">Como escolher o tratamento certo para voc\u00ea<\/span><span data-ccp-props=\"{&quot;335559685&quot;:720,&quot;335559991&quot;:360}\">\u00a0<\/span><\/li>\n<\/ol>\n<pre aria-level=\"2\"><\/pre>\n<h2 aria-level=\"2\"><span data-contrast=\"none\">Comparativo de tratamentos para queda de cabelo no Reino Unido<\/span><span data-ccp-props=\"{&quot;134245418&quot;:false,&quot;134245529&quot;:false,&quot;201341983&quot;:0,&quot;335557856&quot;:16777215,&quot;335559738&quot;:360,&quot;335559739&quot;:80,&quot;335559740&quot;:288}\">\u00a0<\/span><\/h2>\n<table data-tablestyle=\"Custom\" data-tablelook=\"0\" aria-rowcount=\"7\">\n<tbody>\n<tr aria-rowindex=\"1\">\n<td data-celllook=\"4369\"><b><span data-contrast=\"none\">Tratamento<\/span><\/b><span data-ccp-props=\"{&quot;201341983&quot;:0,&quot;335551550&quot;:2,&quot;335551620&quot;:2,&quot;335559740&quot;:360}\">\u00a0<\/span><\/td>\n<td data-celllook=\"4369\"><b><span data-contrast=\"none\">Efic\u00e1cia<\/span><\/b><span data-ccp-props=\"{&quot;201341983&quot;:0,&quot;335551550&quot;:2,&quot;335551620&quot;:2,&quot;335559740&quot;:360}\">\u00a0<\/span><\/td>\n<td data-celllook=\"4369\"><b><span data-contrast=\"none\">Custo t\u00edpico no Reino Unido<\/span><\/b><span data-ccp-props=\"{&quot;201341983&quot;:0,&quot;335551550&quot;:2,&quot;335551620&quot;:2,&quot;335559740&quot;:360}\">\u00a0<\/span><\/td>\n<td data-celllook=\"4369\"><b><span data-contrast=\"none\">Hora de ver os resultados.<\/span><\/b><span data-ccp-props=\"{&quot;201341983&quot;:0,&quot;335551550&quot;:2,&quot;335551620&quot;:2,&quot;335559740&quot;:360}\">\u00a0<\/span><\/td>\n<td data-celllook=\"4369\"><b><span data-contrast=\"none\">Ideal para<\/span><\/b><span data-ccp-props=\"{&quot;201341983&quot;:0,&quot;335551550&quot;:2,&quot;335551620&quot;:2,&quot;335559740&quot;:360}\">\u00a0<\/span><\/td>\n<\/tr>\n<tr aria-rowindex=\"2\">\n<td data-celllook=\"4369\"><span data-contrast=\"none\">Minoxidil (t\u00f3pico)<\/span><span data-ccp-props=\"{&quot;201341983&quot;:0,&quot;335559740&quot;:360}\">\u00a0<\/span><\/td>\n<td data-celllook=\"4369\"><span data-contrast=\"none\">Moderado \u2013 retarda a perda, permite algum crescimento.<\/span><span data-ccp-props=\"{&quot;201341983&quot;:0,&quot;335559740&quot;:360}\">\u00a0<\/span><\/td>\n<td data-celllook=\"4369\"><span data-contrast=\"none\">\u00a310\u2013\u00a330\/m\u00eas<\/span><span data-ccp-props=\"{&quot;201341983&quot;:0,&quot;335559740&quot;:360}\">\u00a0<\/span><\/td>\n<td data-celllook=\"4369\"><span data-contrast=\"none\">3 a 6 meses<\/span><span data-ccp-props=\"{&quot;201341983&quot;:0,&quot;335559740&quot;:360}\">\u00a0<\/span><\/td>\n<td data-celllook=\"4369\"><span data-contrast=\"none\">Desbaste em est\u00e1gio inicial<\/span><span data-ccp-props=\"{&quot;201341983&quot;:0,&quot;335559740&quot;:360}\">\u00a0<\/span><\/td>\n<\/tr>\n<tr aria-rowindex=\"3\">\n<td data-celllook=\"4369\"><span data-contrast=\"none\">Finasterida (oral)<\/span><span data-ccp-props=\"{&quot;201341983&quot;:0,&quot;335559740&quot;:360}\">\u00a0<\/span><\/td>\n<td data-celllook=\"4369\"><span data-contrast=\"none\">Alto teor de DHT, comprovadamente eficaz no crescimento de novos fios.<\/span><span data-ccp-props=\"{&quot;201341983&quot;:0,&quot;335559740&quot;:360}\">\u00a0<\/span><\/td>\n<td data-celllook=\"4369\"><span data-contrast=\"none\">\u00a315\u2013\u00a350\/m\u00eas<\/span><span data-ccp-props=\"{&quot;201341983&quot;:0,&quot;335559740&quot;:360}\">\u00a0<\/span><\/td>\n<td data-celllook=\"4369\"><span data-contrast=\"none\">3 a 12 meses<\/span><span data-ccp-props=\"{&quot;201341983&quot;:0,&quot;335559740&quot;:360}\">\u00a0<\/span><\/td>\n<td data-celllook=\"4369\"><span data-contrast=\"none\">calv\u00edcie de padr\u00e3o masculino<\/span><span data-ccp-props=\"{&quot;201341983&quot;:0,&quot;335559740&quot;:360}\">\u00a0<\/span><\/td>\n<\/tr>\n<tr aria-rowindex=\"4\">\n<td data-celllook=\"4369\"><span data-contrast=\"none\">Terapia PRP<\/span><span data-ccp-props=\"{&quot;201341983&quot;:0,&quot;335559740&quot;:360}\">\u00a0<\/span><\/td>\n<td data-celllook=\"4369\"><span data-contrast=\"none\">Moderado a alto \u2013 estimula os fol\u00edculos<\/span><span data-ccp-props=\"{&quot;201341983&quot;:0,&quot;335559740&quot;:360}\">\u00a0<\/span><\/td>\n<td data-celllook=\"4369\"><span data-contrast=\"none\">\u00a3200\u2013\u00a3500\/sess\u00e3o<\/span><span data-ccp-props=\"{&quot;201341983&quot;:0,&quot;335559740&quot;:360}\">\u00a0<\/span><\/td>\n<td data-celllook=\"4369\"><span data-contrast=\"none\">3 a 6 meses (ap\u00f3s 3 ou mais sess\u00f5es)<\/span><span data-ccp-props=\"{&quot;201341983&quot;:0,&quot;335559740&quot;:360}\">\u00a0<\/span><\/td>\n<td data-celllook=\"4369\"><span data-contrast=\"none\">Cabelos ralos, queda precoce<\/span><span data-ccp-props=\"{&quot;201341983&quot;:0,&quot;335559740&quot;:360}\">\u00a0<\/span><\/td>\n<\/tr>\n<tr aria-rowindex=\"5\">\n<td data-celllook=\"4369\"><span data-contrast=\"none\">Foi um transplante capilar.<\/span><span data-ccp-props=\"{&quot;201341983&quot;:0,&quot;335559740&quot;:360}\">\u00a0<\/span><\/td>\n<td data-celllook=\"4369\"><span data-contrast=\"none\">Muito alto \u2013 resultados permanentes<\/span><span data-ccp-props=\"{&quot;201341983&quot;:0,&quot;335559740&quot;:360}\">\u00a0<\/span><\/td>\n<td data-celllook=\"4369\"><span data-contrast=\"none\">\u00a33.000\u2013\u00a312.000<\/span><span data-ccp-props=\"{&quot;201341983&quot;:0,&quot;335559740&quot;:360}\">\u00a0<\/span><\/td>\n<td data-celllook=\"4369\"><span data-contrast=\"none\">9 a 15 meses para o crescimento completo.<\/span><span data-ccp-props=\"{&quot;201341983&quot;:0,&quot;335559740&quot;:360}\">\u00a0<\/span><\/td>\n<td data-celllook=\"4369\"><span data-contrast=\"none\">queda de cabelo avan\u00e7ada<\/span><span data-ccp-props=\"{&quot;201341983&quot;:0,&quot;335559740&quot;:360}\">\u00a0<\/span><\/td>\n<\/tr>\n<tr aria-rowindex=\"6\">\n<td data-celllook=\"4369\"><span data-contrast=\"none\">Terapia com laser de baixa intensidade<\/span><span data-ccp-props=\"{&quot;201341983&quot;:0,&quot;335559740&quot;:360}\">\u00a0<\/span><\/td>\n<td data-celllook=\"4369\"><span data-contrast=\"none\">Moderado \u2013 favorece a densidade capilar<\/span><span data-ccp-props=\"{&quot;201341983&quot;:0,&quot;335559740&quot;:360}\">\u00a0<\/span><\/td>\n<td data-celllook=\"4369\"><span data-contrast=\"none\">\u00a3200\u2013\u00a3800 (dispositivo)<\/span><span data-ccp-props=\"{&quot;201341983&quot;:0,&quot;335559740&quot;:360}\">\u00a0<\/span><\/td>\n<td data-celllook=\"4369\"><span data-contrast=\"none\">6 a 12 meses<\/span><span data-ccp-props=\"{&quot;201341983&quot;:0,&quot;335559740&quot;:360}\">\u00a0<\/span><\/td>\n<td data-celllook=\"4369\"><span data-contrast=\"none\">Afinamento leve, terapia adjuvante<\/span><span data-ccp-props=\"{&quot;201341983&quot;:0,&quot;335559740&quot;:360}\">\u00a0<\/span><\/td>\n<\/tr>\n<tr aria-rowindex=\"7\">\n<td data-celllook=\"4369\"><span data-contrast=\"none\">Micropigmenta\u00e7\u00e3o do couro cabeludo<\/span><span data-ccp-props=\"{&quot;201341983&quot;:0,&quot;335559740&quot;:360}\">\u00a0<\/span><\/td>\n<td data-celllook=\"4369\"><span data-contrast=\"none\">Cosm\u00e9tico \u2013 cria a apar\u00eancia de densidade<\/span><span data-ccp-props=\"{&quot;201341983&quot;:0,&quot;335559740&quot;:360}\">\u00a0<\/span><\/td>\n<td data-celllook=\"4369\"><span data-contrast=\"none\">\u00a31.500\u2013\u00a34.000<\/span><span data-ccp-props=\"{&quot;201341983&quot;:0,&quot;335559740&quot;:360}\">\u00a0<\/span><\/td>\n<td data-celllook=\"4369\"><span data-contrast=\"none\">Imediato (2 a 3 sess\u00f5es)<\/span><span data-ccp-props=\"{&quot;201341983&quot;:0,&quot;335559740&quot;:360}\">\u00a0<\/span><\/td>\n<td data-celllook=\"4369\"><span data-contrast=\"none\">Corte militar, disfarce de cicatrizes<\/span><span data-ccp-props=\"{&quot;201341983&quot;:0,&quot;335559740&quot;:360}\">\u00a0<\/span><\/td>\n<\/tr>\n<\/tbody>\n<\/table>\n<h2 aria-level=\"2\"><span data-contrast=\"none\">Minoxidil: O ponto de partida sem receita m\u00e9dica<\/span><span data-ccp-props=\"{&quot;134245418&quot;:false,&quot;134245529&quot;:false,&quot;201341983&quot;:0,&quot;335557856&quot;:16777215,&quot;335559738&quot;:360,&quot;335559739&quot;:80,&quot;335559740&quot;:288}\">\u00a0<\/span><\/h2>\n<p><span data-contrast=\"none\">O\u00a0minoxidil\u00a0\u00e9 o \u00fanico tratamento t\u00f3pico para queda de cabelo licenciado para venda sem receita m\u00e9dica no Reino Unido. N\u00e3o precisa de receita \u2014 est\u00e1 dispon\u00edvel na maioria das farm\u00e1cias sob nomes comerciais como\u00a0Regaine, bem como alternativas sem marca.<\/span><span data-ccp-props=\"{&quot;335557856&quot;:16777215,&quot;335559739&quot;:220}\">\u00a0<\/span><\/p>\n<p><span data-contrast=\"none\">Originalmente desenvolvido como um medicamento para press\u00e3o arterial, o\u00a0minoxidil\u00a0demonstrou promover o crescimento capilar como efeito colateral. Ele age dilatando os vasos sangu\u00edneos no couro cabeludo, o que melhora o fluxo sangu\u00edneo para os fol\u00edculos capilares e prolonga a fase de crescimento do ciclo capilar.<\/span><span data-ccp-props=\"{&quot;335557856&quot;:16777215,&quot;335559739&quot;:220}\">\u00a0<\/span><\/p>\n<p><span data-contrast=\"none\">De acordo com as\u00a0<\/span><a href=\"https:\/\/www.nice.org.uk\/guidance\/cks\/topic\/alopecia-androgenetic\/\" target=\"_blank\" rel=\"noopener\"><span data-contrast=\"none\">Diretrizes cl\u00ednicas do NICE<\/span><\/a><span data-contrast=\"none\">, o\u00a0minoxidil\u00a0\u00e9 recomendado como tratamento de primeira linha para alopecia androgen\u00e9tica em homens e mulheres. A solu\u00e7\u00e3o a 5% tende a apresentar resultados mais eficazes do que a vers\u00e3o a 2%, embora a formula\u00e7\u00e3o a 2% seja mais comumente recomendada para mulheres.<\/span><span data-ccp-props=\"{&quot;335557856&quot;:16777215,&quot;335559739&quot;:220}\">\u00a0<\/span><\/p>\n<p><span data-contrast=\"none\">Eis o problema: voc\u00ea precisa persistir. Se parar de aplicar\u00a0minoxidil, qualquer cabelo que tenha crescido novamente cair\u00e1 gradualmente em alguns meses. \u00c9 um compromisso, n\u00e3o uma cura. A maioria das pessoas nota menos queda de cabelo em 8 a 12 semanas, com o crescimento vis\u00edvel aparecendo por volta do 4\u00ba ao 6\u00ba m\u00eas.<\/span><span data-ccp-props=\"{&quot;335557856&quot;:16777215,&quot;335559739&quot;:220}\">\u00a0<\/span><\/p>\n<p><span data-contrast=\"none\">Os efeitos colaterais s\u00e3o geralmente leves. Alguns usu\u00e1rios podem apresentar irrita\u00e7\u00e3o ou ressecamento no couro cabeludo, e h\u00e1 uma fase inicial de queda de cabelo nas primeiras semanas que pode parecer alarmante, mas na verdade \u00e9 um sinal de que o produto est\u00e1 funcionando \u2014 os fios antigos dando lugar ao crescimento de novos.<\/span><span data-ccp-props=\"{&quot;335557856&quot;:16777215,&quot;335559739&quot;:220}\">\u00a0<\/span><\/p>\n<p><span data-contrast=\"none\">Se voc\u00ea est\u00e1 percebendo os\u00a0<\/span><a href=\"https:\/\/vincihairclinic.com\/pt-br\/how-to-help-your-hair-recover-from-the-effects-of-over-processing-by-benzoix-png\/\"><span data-contrast=\"none\">primeiros sinais de queda de cabelo aos 20 anos<\/span><\/a><span data-contrast=\"none\">, o\u00a0minoxidil\u00a0costuma ser a op\u00e7\u00e3o mais simples para come\u00e7ar.<\/span><span data-ccp-props=\"{&quot;335557856&quot;:16777215,&quot;335559739&quot;:220}\">\u00a0<\/span><\/p>\n<h2 aria-level=\"2\"><span data-contrast=\"none\">Finasterida: a prescri\u00e7\u00e3o que ataca a causa raiz.<\/span><span data-ccp-props=\"{&quot;134245418&quot;:false,&quot;134245529&quot;:false,&quot;201341983&quot;:0,&quot;335557856&quot;:16777215,&quot;335559738&quot;:360,&quot;335559739&quot;:80,&quot;335559740&quot;:288}\">\u00a0<\/span><\/h2>\n<p><span data-contrast=\"none\">A finasterida \u00e9 o medicamento oral mais prescrito para a calv\u00edcie masculina no Reino Unido e n\u00e3o \u00e9 um suplemento cosm\u00e9tico \u2014 \u00e9 um medicamento genu\u00edno que atua no mecanismo hormonal respons\u00e1vel pela queda de cabelo.<\/span><span data-ccp-props=\"{&quot;335557856&quot;:16777215,&quot;335559739&quot;:220}\">\u00a0<\/span><\/p>\n<p><span data-contrast=\"none\">Ele age bloqueando a enzima 5-alfa redutase, que converte a testosterona em\u00a0diidrotestosterona\u00a0(DHT). A DHT \u00e9 o horm\u00f4nio respons\u00e1vel pela miniaturiza\u00e7\u00e3o dos fol\u00edculos capilares em homens com predisposi\u00e7\u00e3o gen\u00e9tica \u00e0 calv\u00edcie. Ao reduzir os n\u00edveis de DHT em aproximadamente 70%, a finasterida retarda a miniaturiza\u00e7\u00e3o dos fol\u00edculos e, em muitos casos, a reverte.<\/span><span data-ccp-props=\"{&quot;335557856&quot;:16777215,&quot;335559739&quot;:220}\">\u00a0<\/span><\/p>\n<p><span data-contrast=\"none\">As evid\u00eancias cl\u00ednicas s\u00e3o robustas. De acordo com um\u00a0<\/span><a href=\"https:\/\/pubmed.ncbi.nlm.nih.gov\/22150436\/\" target=\"_blank\" rel=\"noopener\"><span data-contrast=\"none\">Estudo de longo prazo publicado no European Journal of Dermatology<\/span><\/a><span data-contrast=\"none\">, 90% dos homens que tomaram 1 mg de finasterida diariamente mantiveram ou aumentaram a quantidade de cabelo durante um per\u00edodo de 5 anos.<\/span><span data-ccp-props=\"{&quot;335557856&quot;:16777215,&quot;335559739&quot;:220}\">\u00a0<\/span><\/p>\n<h2 aria-level=\"3\"><span data-contrast=\"none\">Finasterida vs. Minoxidil: Compara\u00e7\u00e3o R\u00e1pida<\/span><span data-ccp-props=\"{&quot;134245418&quot;:false,&quot;134245529&quot;:false,&quot;201341983&quot;:0,&quot;335557856&quot;:16777215,&quot;335559738&quot;:280,&quot;335559739&quot;:80,&quot;335559740&quot;:288}\">\u00a0<\/span><\/h2>\n<table data-tablestyle=\"Custom\" data-tablelook=\"0\" aria-rowcount=\"7\">\n<tbody>\n<tr aria-rowindex=\"1\">\n<td data-celllook=\"4369\">\n<p style=\"text-align: center;\"><b><span data-contrast=\"none\">Fator<\/span><\/b><span data-ccp-props=\"{&quot;201341983&quot;:0,&quot;335551550&quot;:2,&quot;335551620&quot;:2,&quot;335559740&quot;:360}\">\u00a0<\/span><\/p>\n<\/td>\n<td data-celllook=\"4369\">\n<p style=\"text-align: center;\"><b><span data-contrast=\"none\">Finasterida<\/span><\/b><span data-ccp-props=\"{&quot;201341983&quot;:0,&quot;335551550&quot;:2,&quot;335551620&quot;:2,&quot;335559740&quot;:360}\">\u00a0<\/span><\/p>\n<\/td>\n<td data-celllook=\"4369\">\n<p style=\"text-align: center;\"><b><span data-contrast=\"none\">Minoxidil<\/span><\/b><span data-ccp-props=\"{&quot;201341983&quot;:0,&quot;335551550&quot;:2,&quot;335551620&quot;:2,&quot;335559740&quot;:360}\">\u00a0<\/span><\/p>\n<\/td>\n<\/tr>\n<tr aria-rowindex=\"2\">\n<td data-celllook=\"4369\"><span data-contrast=\"none\">Como funciona<\/span><span data-ccp-props=\"{&quot;201341983&quot;:0,&quot;335559740&quot;:360}\">\u00a0<\/span><\/td>\n<td data-celllook=\"4369\"><span data-contrast=\"none\">Bloqueia a produ\u00e7\u00e3o de DHT internamente.<\/span><span data-ccp-props=\"{&quot;201341983&quot;:0,&quot;335559740&quot;:360}\">\u00a0<\/span><\/td>\n<td data-celllook=\"4369\"><span data-contrast=\"none\">Aumenta o fluxo sangu\u00edneo no couro cabeludo topicamente.<\/span><span data-ccp-props=\"{&quot;201341983&quot;:0,&quot;335559740&quot;:360}\">\u00a0<\/span><\/td>\n<\/tr>\n<tr aria-rowindex=\"3\">\n<td data-celllook=\"4369\"><span data-contrast=\"none\">Necessita de receita m\u00e9dica<\/span><span data-ccp-props=\"{&quot;201341983&quot;:0,&quot;335559740&quot;:360}\">\u00a0<\/span><\/td>\n<td data-celllook=\"4369\"><span data-contrast=\"none\">Sim (Reino Unido)<\/span><span data-ccp-props=\"{&quot;201341983&quot;:0,&quot;335559740&quot;:360}\">\u00a0<\/span><\/td>\n<td data-celllook=\"4369\"><span data-contrast=\"none\">N\u00e3o \u2014 sem receita m\u00e9dica<\/span><span data-ccp-props=\"{&quot;201341983&quot;:0,&quot;335559740&quot;:360}\">\u00a0<\/span><\/td>\n<\/tr>\n<tr aria-rowindex=\"4\">\n<td data-celllook=\"4369\"><span data-contrast=\"none\">Adequado para mulheres<\/span><span data-ccp-props=\"{&quot;201341983&quot;:0,&quot;335559740&quot;:360}\">\u00a0<\/span><\/td>\n<td data-celllook=\"4369\"><span data-contrast=\"none\">N\u00e3o recomendado (risco na gravidez)<\/span><span data-ccp-props=\"{&quot;201341983&quot;:0,&quot;335559740&quot;:360}\">\u00a0<\/span><\/td>\n<td data-celllook=\"4369\"><span data-contrast=\"none\">Sim (solu\u00e7\u00e3o a 2%)<\/span><span data-ccp-props=\"{&quot;201341983&quot;:0,&quot;335559740&quot;:360}\">\u00a0<\/span><\/td>\n<\/tr>\n<tr aria-rowindex=\"5\">\n<td data-celllook=\"4369\"><span data-contrast=\"none\">Aplicativo<\/span><span data-ccp-props=\"{&quot;201341983&quot;:0,&quot;335559740&quot;:360}\">\u00a0<\/span><\/td>\n<td data-celllook=\"4369\"><span data-contrast=\"none\">Um comprimido por dia<\/span><span data-ccp-props=\"{&quot;201341983&quot;:0,&quot;335559740&quot;:360}\">\u00a0<\/span><\/td>\n<td data-celllook=\"4369\"><span data-contrast=\"none\">Aplicar no couro cabeludo duas vezes ao dia.<\/span><span data-ccp-props=\"{&quot;201341983&quot;:0,&quot;335559740&quot;:360}\">\u00a0<\/span><\/td>\n<\/tr>\n<tr aria-rowindex=\"6\">\n<td data-celllook=\"4369\"><span data-contrast=\"none\">Efeitos colaterais comuns<\/span><span data-ccp-props=\"{&quot;201341983&quot;:0,&quot;335559740&quot;:360}\">\u00a0<\/span><\/td>\n<td data-celllook=\"4369\"><span data-contrast=\"none\">Diminui\u00e7\u00e3o da libido (2\u20134% dos usu\u00e1rios)<\/span><span data-ccp-props=\"{&quot;201341983&quot;:0,&quot;335559740&quot;:360}\">\u00a0<\/span><\/td>\n<td data-celllook=\"4369\"><span data-contrast=\"none\">Irrita\u00e7\u00e3o no couro cabeludo, queda inicial de cabelo<\/span><span data-ccp-props=\"{&quot;201341983&quot;:0,&quot;335559740&quot;:360}\">\u00a0<\/span><\/td>\n<\/tr>\n<tr aria-rowindex=\"7\">\n<td data-celllook=\"4369\"><span data-contrast=\"none\">Custo mensal t\u00edpico (Reino Unido)<\/span><span data-ccp-props=\"{&quot;201341983&quot;:0,&quot;335559740&quot;:360}\">\u00a0<\/span><\/td>\n<td data-celllook=\"4369\"><span data-contrast=\"none\">\u00a315\u2013\u00a350<\/span><span data-ccp-props=\"{&quot;201341983&quot;:0,&quot;335559740&quot;:360}\">\u00a0<\/span><\/td>\n<td data-celllook=\"4369\"><span data-contrast=\"none\">\u00a310\u2013\u00a330<\/span><span data-ccp-props=\"{&quot;201341983&quot;:0,&quot;335559740&quot;:360}\">\u00a0<\/span><\/td>\n<\/tr>\n<\/tbody>\n<\/table>\n<p><span data-contrast=\"none\">No Reino Unido, voc\u00ea pode obter finasterida atrav\u00e9s do seu m\u00e9dico de cl\u00ednica geral ou por meio de farm\u00e1cias online regulamentadas. A dose padr\u00e3o \u00e9 de 1 mg por dia, e geralmente \u00e9 necess\u00e1rio tom\u00e1-la por pelo menos 3 a 6 meses antes de avaliar se est\u00e1 funcionando para voc\u00ea.<\/span><span data-ccp-props=\"{&quot;335557856&quot;:16777215,&quot;335559739&quot;:220}\">\u00a0<\/span><\/p>\n<p><span data-contrast=\"none\">Para mulheres com queda de cabelo, a finasterida geralmente n\u00e3o \u00e9 prescrita devido aos riscos durante a gravidez. Se esse for o seu caso, consulte nosso guia sobre o assunto.\u00a0<\/span><a href=\"https:\/\/vincihairclinic.com\/pt-br\/afinamento-da-linha-do-cabelo-em-mulheres-como-saber-quando-procurar-ajuda\/\"><span data-contrast=\"none\">Aprenda sobre a queda de cabelo na linha frontal em mulheres<\/span><\/a><span data-contrast=\"none\">\u00a0para abordagens alternativas.<\/span><span data-ccp-props=\"{&quot;335557856&quot;:16777215,&quot;335559739&quot;:220}\">\u00a0<\/span><\/p>\n<h2 aria-level=\"2\"><span data-contrast=\"none\">Terapia PRP: Utilizando os Fatores de Crescimento do Seu Pr\u00f3prio Corpo<\/span><span data-ccp-props=\"{&quot;134245418&quot;:false,&quot;134245529&quot;:false,&quot;201341983&quot;:0,&quot;335557856&quot;:16777215,&quot;335559738&quot;:360,&quot;335559739&quot;:80,&quot;335559740&quot;:288}\">\u00a0<\/span><\/h2>\n<p><span data-contrast=\"none\">A terapia com PRP (plasma rico em plaquetas) tornou-se um dos tratamentos para queda de cabelo que mais cresce no Reino Unido nos \u00faltimos cinco anos. O conceito \u00e9 simples: uma pequena quantidade de sangue \u00e9 coletada, processada em uma centr\u00edfuga para concentrar as plaquetas e, em seguida, injetada diretamente no couro cabeludo.<\/span><span data-ccp-props=\"{&quot;335557856&quot;:16777215,&quot;335559739&quot;:220}\">\u00a0<\/span><\/p>\n<p><span data-contrast=\"none\">Essas plaquetas concentradas liberam fatores de crescimento que estimulam os fol\u00edculos dormentes e promovem o crescimento de novos fios de cabelo. \u00c9 a sua pr\u00f3pria biologia que faz o trabalho, o que significa que n\u00e3o h\u00e1 risco de rea\u00e7\u00e3o al\u00e9rgica ou rejei\u00e7\u00e3o.<\/span><span data-ccp-props=\"{&quot;335557856&quot;:16777215,&quot;335559739&quot;:220}\">\u00a0<\/span><\/p>\n<p><span data-contrast=\"none\">De acordo com uma\u00a0<\/span><a href=\"https:\/\/pubmed.ncbi.nlm.nih.gov\/30974024\/\" target=\"_blank\" rel=\"noopener\"><span data-contrast=\"none\">Revis\u00e3o sistem\u00e1tica de 2019 em Cirurgia Dermatol\u00f3gica<\/span><\/a><span data-contrast=\"none\">, o tratamento com PRP produziu melhorias estatisticamente significativas na densidade e espessura do cabelo em m\u00faltiplos ensaios controlados. Os pesquisadores observaram que, embora os resultados variem, a maioria dos pacientes percebe uma melhora significativa ap\u00f3s 3 a 4 sess\u00f5es com intervalo de 4 a 6 semanas.<\/span><span data-ccp-props=\"{&quot;335557856&quot;:16777215,&quot;335559739&quot;:220}\">\u00a0<\/span><\/p>\n<p><span data-contrast=\"none\">O PRP funciona bem como tratamento isolado para o afinamento capilar em est\u00e1gio inicial, mas seu uso em conjunto com outros tratamentos tem aumentado. Muitos dos nossos pacientes combinam o PRP com a\u00a0<\/span><a href=\"https:\/\/vincihairclinic.com\/pt-br\/fazer-um-transplante-capilar-nesta-clinica-vai-economizar-mais-do-que-apenas-dinheiro\/\"><span data-contrast=\"none\">cirurgia de transplante capilar FUE<\/span><\/a><span data-contrast=\"none\">\u00a0para acelerar a cicatriza\u00e7\u00e3o e maximizar as taxas de sobreviv\u00eancia do enxerto.<\/span><span data-ccp-props=\"{&quot;335557856&quot;:16777215,&quot;335559739&quot;:220}\">\u00a0<\/span><\/p>\n<p><span data-contrast=\"none\">Cada sess\u00e3o dura cerca de 30 a 45 minutos. O tempo de recupera\u00e7\u00e3o \u00e9 m\u00ednimo \u2014 a maioria das pessoas retorna ao trabalho imediatamente. \u00c9 normal apresentar alguma vermelhid\u00e3o ou sensibilidade nos locais da inje\u00e7\u00e3o, que desaparecem em um ou dois dias.<\/span><span data-ccp-props=\"{&quot;335557856&quot;:16777215,&quot;335559739&quot;:220}\">\u00a0<\/span><\/p>\n<p><span data-contrast=\"none\">A principal desvantagem \u00e9 o custo. Com pre\u00e7os entre \u00a3200 e \u00a3500 por sess\u00e3o, e sess\u00f5es de manuten\u00e7\u00e3o recomendadas a cada 6 a 12 meses, o PRP exige um compromisso financeiro cont\u00ednuo. Mas para pessoas que desejam uma op\u00e7\u00e3o sem medicamentos ou que n\u00e3o responderam bem ao\u00a0minoxidil\u00a0isoladamente, ele preenche uma lacuna importante.<\/span><span data-ccp-props=\"{&quot;335557856&quot;:16777215,&quot;335559739&quot;:220}\">\u00a0<\/span><\/p>\n<h2 aria-level=\"2\"><span data-contrast=\"none\">Cirurgia de Transplante Capilar: A Solu\u00e7\u00e3o Definitiva<\/span><span data-ccp-props=\"{&quot;134245418&quot;:false,&quot;134245529&quot;:false,&quot;201341983&quot;:0,&quot;335557856&quot;:16777215,&quot;335559738&quot;:360,&quot;335559739&quot;:80,&quot;335559740&quot;:288}\">\u00a0<\/span><\/h2>\n<p><span data-contrast=\"none\">Quando medicamentos e tratamentos n\u00e3o invasivos n\u00e3o s\u00e3o suficientes, o transplante capilar oferece uma solu\u00e7\u00e3o permanente. \u00c9 o \u00fanico tratamento que move fisicamente fol\u00edculos saud\u00e1veis \u200b\u200bde \u00e1reas doadoras (normalmente a parte de tr\u00e1s e as laterais da cabe\u00e7a) para \u00e1reas com rarefa\u00e7\u00e3o ou calv\u00edcie.<\/span><span data-ccp-props=\"{&quot;335557856&quot;:16777215,&quot;335559739&quot;:220}\">\u00a0<\/span><\/p>\n<p><span data-contrast=\"none\">As duas principais t\u00e9cnicas utilizadas no Reino Unido s\u00e3o:<\/span><span data-ccp-props=\"{&quot;335557856&quot;:16777215,&quot;335559739&quot;:220}\">\u00a0<\/span><\/p>\n<ul>\n<li aria-setsize=\"-1\" data-leveltext=\"\u25cf\" data-font=\"Montserrat\" data-listid=\"1\" data-list-defn-props=\"{&quot;335551500&quot;:2172201,&quot;335552541&quot;:1,&quot;335559685&quot;:720,&quot;335559991&quot;:360,&quot;469769226&quot;:&quot;Montserrat&quot;,&quot;469769242&quot;:[8226],&quot;469777803&quot;:&quot;left&quot;,&quot;469777804&quot;:&quot;\u25cf&quot;}\" data-aria-posinset=\"1\" data-aria-level=\"1\"><span data-contrast=\"none\">FUE (Extra\u00e7\u00e3o de Unidades Foliculares) \u2014 Os fol\u00edculos s\u00e3o extra\u00eddos individualmente, um a um, utilizando um instrumento de\u00a0micropun\u00e7\u00e3o. Deixa pequenas cicatrizes puntiformes praticamente invis\u00edveis. Esta \u00e9 a op\u00e7\u00e3o mais popular em 2026.<\/span><span data-ccp-props=\"{&quot;335557856&quot;:16777215,&quot;335559685&quot;:720,&quot;335559991&quot;:360}\">\u00a0<\/span><\/li>\n<\/ul>\n<ul>\n<li aria-setsize=\"-1\" data-leveltext=\"\u25cf\" data-font=\"Montserrat\" data-listid=\"1\" data-list-defn-props=\"{&quot;335551500&quot;:2172201,&quot;335552541&quot;:1,&quot;335559685&quot;:720,&quot;335559991&quot;:360,&quot;469769226&quot;:&quot;Montserrat&quot;,&quot;469769242&quot;:[8226],&quot;469777803&quot;:&quot;left&quot;,&quot;469777804&quot;:&quot;\u25cf&quot;}\" data-aria-posinset=\"2\" data-aria-level=\"1\"><span data-contrast=\"none\">FUT (Transplante de Unidades Foliculares) \u2014 Uma fina faixa de couro cabeludo \u00e9 removida da \u00e1rea doadora, e enxertos individuais s\u00e3o dissecados a partir dela. Deixa uma cicatriz linear, mas pode resultar em um n\u00famero maior de enxertos em uma \u00fanica sess\u00e3o.<\/span><span data-ccp-props=\"{&quot;335557856&quot;:16777215,&quot;335559685&quot;:720,&quot;335559991&quot;:360}\">\u00a0<\/span><\/li>\n<\/ul>\n<pre><\/pre>\n<p><span data-contrast=\"none\">De acordo com o\u00a0<\/span><a href=\"https:\/\/www.nhs.uk\/conditions\/cosmetic-procedures\/hair-transplant\/\" target=\"_blank\" rel=\"noopener\"><span data-contrast=\"none\">NHS<\/span><\/a><span data-contrast=\"none\">\u00a0no Reino Unido, o transplante capilar n\u00e3o \u00e9 oferecido pelo NHS (Servi\u00e7o Nacional de Sa\u00fade do Reino Unido) e \u00e9 classificado como cirurgia est\u00e9tica. Os custos geralmente variam de \u00a3 3.000 a \u00a3 12.000, dependendo do n\u00famero de enxertos e da cl\u00ednica.<\/span><span data-ccp-props=\"{&quot;335557856&quot;:16777215,&quot;335559739&quot;:220}\">\u00a0<\/span><\/p>\n<p><span data-contrast=\"none\">Os resultados n\u00e3o s\u00e3o instant\u00e2neos. Os cabelos transplantados caem nas primeiras 2 a 4 semanas (completamente normal), e o crescimento de novos fios come\u00e7a por volta do 3\u00ba ou 4\u00ba m\u00eas. Voc\u00ea ver\u00e1 o\u00a0resultado final\u00a0em 12 a 15 meses. Mas, uma vez que esses fol\u00edculos se estabelecem, eles permanecem para sempre.<\/span><span data-ccp-props=\"{&quot;335557856&quot;:16777215,&quot;335559739&quot;:220}\">\u00a0<\/span><\/p>\n<p><span data-contrast=\"none\">Quer ver o que \u00e9 realmente poss\u00edvel? Nossa\u00a0<\/span><a href=\"https:\/\/vincihairclinic.com\/pt-br\/gallery-male-ht\/\"><span data-contrast=\"none\">galeria de antes e depois<\/span><\/a><span data-contrast=\"none\">\u00a0mostra resultados\u00a0reais de pacientes em diferentes est\u00e1gios de sua jornada de restaura\u00e7\u00e3o capilar.<\/span><span data-ccp-props=\"{&quot;335557856&quot;:16777215,&quot;335559739&quot;:220}\">\u00a0<\/span><\/p>\n<h2 aria-level=\"2\"><span data-contrast=\"none\">Terapia com laser de baixa intensidade: estimula\u00e7\u00e3o capilar baseada em luz<\/span><span data-ccp-props=\"{&quot;134245418&quot;:false,&quot;134245529&quot;:false,&quot;201341983&quot;:0,&quot;335557856&quot;:16777215,&quot;335559738&quot;:360,&quot;335559739&quot;:80,&quot;335559740&quot;:288}\">\u00a0<\/span><\/h2>\n<p><span data-contrast=\"none\">A terapia a laser de baixa intensidade (LLLT, na sigla em ingl\u00eas) utiliza comprimentos de onda de luz vermelha para estimular a atividade celular nos fol\u00edculos capilares. Est\u00e1 dispon\u00edvel em forma de bon\u00e9s, capacetes, pentes e tratamentos em cl\u00ednicas no Reino Unido.<\/span><span data-ccp-props=\"{&quot;335557856&quot;:16777215,&quot;335559739&quot;:220}\">\u00a0<\/span><\/p>\n<p><span data-contrast=\"none\">A ci\u00eancia por tr\u00e1s da terapia com laser de baixa intensidade (LLLT) centra-se na fotobiomodula\u00e7\u00e3o \u2014 comprimentos de onda espec\u00edficos de luz (normalmente entre 650 e 670\u00a0nm) s\u00e3o absorvidos pelas c\u00e9lulas do fol\u00edculo, o que aumenta a produ\u00e7\u00e3o de ATP e prolonga a fase an\u00e1gena (de crescimento) do ciclo capilar.<\/span><span data-ccp-props=\"{&quot;335557856&quot;:16777215,&quot;335559739&quot;:220}\">\u00a0<\/span><\/p>\n<p><span data-contrast=\"none\">A terapia com laser de baixa intensidade (LLLT) n\u00e3o \u00e9 uma cura isolada para a queda de cabelo significativa. Ela funciona melhor como um tratamento complementar a medicamentos ou ap\u00f3s um transplante capilar. Considere-a como uma forma de potencializar seus tratamentos atuais, e n\u00e3o como uma substituta.<\/span><span data-ccp-props=\"{&quot;335557856&quot;:16777215,&quot;335559739&quot;:220}\">\u00a0<\/span><\/p>\n<p><span data-contrast=\"none\">As evid\u00eancias cl\u00ednicas s\u00e3o promissoras, mas mais limitadas do que para o\u00a0minoxidil\u00a0ou a finasterida. Um ensaio cl\u00ednico randomizado de 2014 publicado na\u00a0<\/span><i><span data-contrast=\"none\">Revista Americana de Dermatologia Cl\u00ednica,\u00a0<\/span><\/i><span data-contrast=\"none\">constatou-se que os dispositivos LLLT produziram um aumento estatisticamente significativo na densidade capilar em compara\u00e7\u00e3o com os dispositivos placebo ao longo de 26 semanas.<\/span><span data-ccp-props=\"{&quot;335557856&quot;:16777215,&quot;335559739&quot;:220}\">\u00a0<\/span><\/p>\n<p><span data-contrast=\"none\">Os dispositivos para uso dom\u00e9stico variam de \u00a3200 a \u00a3800, enquanto as sess\u00f5es em cl\u00ednica geralmente custam entre \u00a350 e \u00a3100 cada. A maioria dos protocolos recomenda 3 sess\u00f5es por semana durante pelo menos 6 meses. A principal vantagem? Praticamente nenhum efeito colateral. A principal desvantagem? Os resultados tendem a ser mais sutis do que os dos tratamentos farmac\u00eauticos.<\/span><span data-ccp-props=\"{&quot;335557856&quot;:16777215,&quot;335559739&quot;:220}\">\u00a0<\/span><\/p>\n<h2 aria-level=\"2\"><span data-contrast=\"none\">Micropigmenta\u00e7\u00e3o capilar: um impulso de confian\u00e7a sem cirurgia<\/span><span data-ccp-props=\"{&quot;134245418&quot;:false,&quot;134245529&quot;:false,&quot;201341983&quot;:0,&quot;335557856&quot;:16777215,&quot;335559738&quot;:360,&quot;335559739&quot;:80,&quot;335559740&quot;:288}\">\u00a0<\/span><\/h2>\n<p><span data-contrast=\"none\">A micropigmenta\u00e7\u00e3o capilar (SMP, na sigla em ingl\u00eas) adota uma abordagem completamente diferente. Em vez de estimular o crescimento de novos fios de cabelo, utiliza microagulhas de grau m\u00e9dico para depositar pigmento no couro cabeludo, criando a apar\u00eancia de fol\u00edculos capilares raspados.<\/span><span data-ccp-props=\"{&quot;335557856&quot;:16777215,&quot;335559739&quot;:220}\">\u00a0<\/span><\/p>\n<p><span data-contrast=\"none\">\u00c9 essencialmente uma tatuagem especializada \u2014 mas n\u00e3o deixe que isso o desanime. Quando realizada por um profissional qualificado, a micropigmenta\u00e7\u00e3o capilar (SMP) tem uma apar\u00eancia notavelmente natural. \u00c9 particularmente eficaz para:<\/span><span data-ccp-props=\"{&quot;335557856&quot;:16777215,&quot;335559739&quot;:220}\">\u00a0<\/span><\/p>\n<ul>\n<li><span data-contrast=\"none\">Criando a apar\u00eancia de um corte militar mais volumoso<\/span><span data-ccp-props=\"{&quot;335557856&quot;:16777215,&quot;335559685&quot;:720,&quot;335559991&quot;:360}\">\u00a0<\/span><\/li>\n<li><span data-contrast=\"none\">Aumentar a densidade em \u00e1reas com rarefa\u00e7\u00e3o ambiental.<\/span><span data-ccp-props=\"{&quot;335557856&quot;:16777215,&quot;335559685&quot;:720,&quot;335559991&quot;:360}\">\u00a0<\/span><\/li>\n<li><span data-contrast=\"none\">Como disfar\u00e7ar cicatrizes de procedimentos anteriores de transplante capilar.<\/span><span data-ccp-props=\"{&quot;335557856&quot;:16777215,&quot;335559685&quot;:720,&quot;335559991&quot;:360}\">\u00a0<\/span><\/li>\n<li><span data-contrast=\"none\">Definindo uma linha capilar mais uniforme<\/span><span data-ccp-props=\"{&quot;335557856&quot;:16777215,&quot;335559685&quot;:720,&quot;335559991&quot;:360}\">\u00a0<\/span><\/li>\n<\/ul>\n<pre><\/pre>\n<p><span data-contrast=\"none\">O processo geralmente requer de 2 a 3 sess\u00f5es com intervalo de uma ou duas semanas entre elas. Os resultados s\u00e3o imediatos ap\u00f3s cada sess\u00e3o, embora a apar\u00eancia final se estabilize ap\u00f3s a completa cicatriza\u00e7\u00e3o do pigmento.<\/span><span data-ccp-props=\"{&quot;335557856&quot;:16777215,&quot;335559739&quot;:220}\">\u00a0<\/span><\/p>\n<p><span data-contrast=\"none\">No Reino Unido, o custo da micropigmenta\u00e7\u00e3o capilar varia entre \u00a31.500 e \u00a34.000, dependendo da extens\u00e3o da cobertura. \u00c9 um investimento \u00fanico, com retoques ocasionais necess\u00e1rios a cada 4 a 6 anos, pois o pigmento desbota naturalmente.<\/span><span data-ccp-props=\"{&quot;335557856&quot;:16777215,&quot;335559739&quot;:220}\">\u00a0<\/span><\/p>\n<p><span data-contrast=\"none\">Para quem j\u00e1 tentou outras op\u00e7\u00f5es \u2014 ou simplesmente deseja uma solu\u00e7\u00e3o de baixa manuten\u00e7\u00e3o \u2014 a micropigmenta\u00e7\u00e3o capilar oferece resultados imediatos e vis\u00edveis.<\/span><a href=\"https:\/\/vincihairclinic.com\/pt-br\/\"><span data-contrast=\"none\">\u00a0Na Vinci Hair Clinic<\/span><\/a><span data-contrast=\"none\">\u00a0oferecemos a micropigmenta\u00e7\u00e3o capilar (SMP) tanto como tratamento isolado quanto como complemento \u00e0 cirurgia de transplante.<\/span><span data-ccp-props=\"{&quot;335557856&quot;:16777215,&quot;335559739&quot;:220}\">\u00a0<\/span><\/p>\n<h2 aria-level=\"2\"><span data-contrast=\"none\">Mudan\u00e7as no estilo de vida que favorecem a sa\u00fade capilar<\/span><span data-ccp-props=\"{&quot;134245418&quot;:false,&quot;134245529&quot;:false,&quot;201341983&quot;:0,&quot;335557856&quot;:16777215,&quot;335559738&quot;:360,&quot;335559739&quot;:80,&quot;335559740&quot;:288}\">\u00a0<\/span><\/h2>\n<p><span data-contrast=\"none\">Nenhuma mudan\u00e7a no estilo de vida, por si s\u00f3, reverter\u00e1 a queda de cabelo gen\u00e9tica. Que fique bem claro. Mas certos h\u00e1bitos podem acelerar o afinamento capilar, e corrigi-los complementa qualquer tratamento cl\u00ednico que voc\u00ea esteja utilizando.<\/span><span data-ccp-props=\"{&quot;335557856&quot;:16777215,&quot;335559739&quot;:220}\">\u00a0<\/span><\/p>\n<p><span data-contrast=\"none\">A nutri\u00e7\u00e3o \u00e9 importante. A defici\u00eancia de ferro \u00e9 uma das causas nutricionais mais comuns de queda de cabelo, principalmente em mulheres. N\u00edveis de ferritina abaixo de 40\u00a0ng\/mL\u00a0est\u00e3o associados ao aumento da queda de cabelo. Biotina, zinco e vitamina D tamb\u00e9m desempenham pap\u00e9is importantes no ciclo de crescimento capilar. Um exame de sangue realizado pelo seu m\u00e9dico pode identificar quaisquer defici\u00eancias que precisem ser tratadas.<\/span><span data-ccp-props=\"{&quot;335557856&quot;:16777215,&quot;335559739&quot;:220}\">\u00a0<\/span><\/p>\n<p><span data-contrast=\"none\">O estresse \u00e9 um verdadeiro gatilho. O efl\u00favio tel\u00f3geno \u2014 queda de cabelo tempor\u00e1ria generalizada causada por estresse f\u00edsico ou emocional \u2014 afeta milhares de pessoas no Reino Unido todos os anos. O cabelo geralmente se recupera assim que o fator estressante \u00e9 resolvido, mas o estresse cr\u00f4nico pode agravar a queda de cabelo gen\u00e9tica. Escrevemos um guia detalhado sobre o assunto, as\u00a0<\/span><a href=\"https:\/\/vincihairclinic.com\/pt-br\/10-formas-naturais-de-combater-a-queda-de-cabelo-induzida-pelo-estresse\/\"><span data-contrast=\"none\">formas naturais de combater a queda de cabelo relacionada ao estresse<\/span><\/a><span data-contrast=\"none\">.<\/span><span data-ccp-props=\"{&quot;335557856&quot;:16777215,&quot;335559739&quot;:220}\">\u00a0<\/span><\/p>\n<p><span data-contrast=\"none\">Fique atenta aos fatores desencadeantes. Perda de peso significativa, altera\u00e7\u00f5es hormonais e mudan\u00e7as p\u00f3s-parto podem causar queda de cabelo tempor\u00e1ria, por\u00e9m inc\u00f4moda. Se voc\u00ea perdeu muito peso recentemente, confira nosso artigo sobre a\u00a0<\/span><a href=\"https:\/\/vincihairclinic.com\/pt-br\/queda-de-cabelo-apos-perda-de-peso-o-que-esta-acontecendo\/\"><span data-contrast=\"none\">queda de cabelo ap\u00f3s perda de peso<\/span><\/a><span data-contrast=\"none\">\u00a0que explica o que est\u00e1 acontecendo e quando esperar a recupera\u00e7\u00e3o. M\u00e3es recentes que est\u00e3o lidando com a queda de cabelos encontrar\u00e3o em nosso guia informa\u00e7\u00f5es sobre a\u00a0<\/span><a href=\"https:\/\/vincihairclinic.com\/pt-br\/queda-de-cabelo-pos-parto-quanto-tempo-dura-e-como-lidar-com-ela\/\"><span data-contrast=\"none\">queda de cabelo p\u00f3s-parto<\/span><\/a><span data-contrast=\"none\">.<\/span><span data-ccp-props=\"{&quot;335557856&quot;:16777215,&quot;335559739&quot;:220}\">\u00a0<\/span><\/p>\n<p><span data-contrast=\"none\">Outras medidas pr\u00e1ticas: evite o uso excessivo de ferramentas de calor, n\u00e3o prenda o cabelo em penteados apertados com frequ\u00eancia (a alopecia por tra\u00e7\u00e3o \u00e9 mais comum do que se imagina) e pare de fumar, caso ainda n\u00e3o o tenha feito \u2014 o tabagismo restringe o fluxo sangu\u00edneo para o couro cabeludo e acelera o envelhecimento dos fol\u00edculos capilares.<\/span><span data-ccp-props=\"{&quot;335557856&quot;:16777215,&quot;335559739&quot;:220}\">\u00a0<\/span><\/p>\n<h2 aria-level=\"2\"><span data-contrast=\"none\">Como escolher o tratamento certo para a queda de cabelo<\/span><span data-ccp-props=\"{&quot;134245418&quot;:false,&quot;134245529&quot;:false,&quot;201341983&quot;:0,&quot;335557856&quot;:16777215,&quot;335559738&quot;:360,&quot;335559739&quot;:80,&quot;335559740&quot;:288}\">\u00a0<\/span><\/h2>\n<p><span data-contrast=\"none\">Com tantas op\u00e7\u00f5es dispon\u00edveis, como escolher? A decis\u00e3o se resume a tr\u00eas fatores: a causa da sua queda de cabelo, o est\u00e1gio em que ela se encontra e o quanto voc\u00ea est\u00e1 disposto a investir em tempo e dinheiro.<\/span><span data-ccp-props=\"{&quot;335557856&quot;:16777215,&quot;335559739&quot;:220}\">\u00a0<\/span><\/p>\n<p><span data-contrast=\"none\">Se voc\u00ea detectar o problema precocemente \u2014 um leve afinamento no topo da cabe\u00e7a ou nas t\u00eamporas \u2014 comece com\u00a0minoxidil\u00a0e considere adicionar finasterida se for homem. Essa combina\u00e7\u00e3o \u00e9 respaldada pelas evid\u00eancias cl\u00ednicas mais robustas e custa menos de \u00a380 por m\u00eas.<\/span><span data-ccp-props=\"{&quot;335557856&quot;:16777215,&quot;335559739&quot;:220}\">\u00a0<\/span><\/p>\n<p><span data-contrast=\"none\">Se a medica\u00e7\u00e3o sozinha n\u00e3o estiver resolvendo o problema, a terapia com PRP oferece um impulso regenerativo. Ela se combina especialmente bem com a medica\u00e7\u00e3o j\u00e1 existente e pode fazer uma diferen\u00e7a not\u00e1vel em 3 a 6 meses.<\/span><span data-ccp-props=\"{&quot;335557856&quot;:16777215,&quot;335559739&quot;:220}\">\u00a0<\/span><\/p>\n<p><span data-contrast=\"none\">Se voc\u00ea tem falhas vis\u00edveis no couro cabeludo ou uma recess\u00e3o capilar significativa, o transplante capilar provavelmente \u00e9 a melhor op\u00e7\u00e3o para uma restaura\u00e7\u00e3o eficaz. As modernas t\u00e9cnicas de FUE proporcionam resultados com apar\u00eancia natural e tempo de recupera\u00e7\u00e3o m\u00ednimo. Confira os\u00a0<\/span><a href=\"https:\/\/vincihairclinic.com\/pt-br\/fazer-um-transplante-capilar-nesta-clinica-vai-economizar-mais-do-que-apenas-dinheiro\/\"><span data-contrast=\"none\">pre\u00e7os de transplante FUE da Vinci<\/span><\/a><span data-contrast=\"none\">\u00a0para entender o que est\u00e1 envolvido.<\/span><span data-ccp-props=\"{&quot;335557856&quot;:16777215,&quot;335559739&quot;:220}\">\u00a0<\/span><\/p>\n<p><span data-contrast=\"none\">Se voc\u00ea deseja um resultado est\u00e9tico imediato sem cirurgia ou medica\u00e7\u00e3o cont\u00ednua, a micropigmenta\u00e7\u00e3o capilar funciona maravilhosamente bem \u2014 especialmente se voc\u00ea se sente confort\u00e1vel com um corte de cabelo mais curto.<\/span><span data-ccp-props=\"{&quot;335557856&quot;:16777215,&quot;335559739&quot;:220}\">\u00a0<\/span><\/p>\n<p><span data-contrast=\"none\">O passo mais importante? Obter um diagn\u00f3stico correto. A queda de cabelo tem dezenas de causas potenciais, e tratar a causa errada \u00e9 um desperd\u00edcio de tempo e dinheiro. Uma consulta com um especialista \u2014 e n\u00e3o apenas uma pesquisa no Google \u2014 \u00e9 o ponto de partida para um tratamento eficaz.<\/span><span data-ccp-props=\"{&quot;335557856&quot;:16777215,&quot;335559739&quot;:220}\">\u00a0<\/span><\/p>\n<h2 aria-level=\"2\"><span data-contrast=\"none\">Perguntas frequentes<\/span><span data-ccp-props=\"{&quot;134245418&quot;:false,&quot;134245529&quot;:false,&quot;201341983&quot;:0,&quot;335557856&quot;:16777215,&quot;335559738&quot;:360,&quot;335559739&quot;:80,&quot;335559740&quot;:288}\">\u00a0<\/span><\/h2>\n<h3 aria-level=\"3\"><span data-contrast=\"none\">Qual \u00e9 o tratamento mais eficaz para queda de cabelo no Reino Unido?<\/span><span data-ccp-props=\"{&quot;134245418&quot;:false,&quot;134245529&quot;:false,&quot;201341983&quot;:0,&quot;335557856&quot;:16777215,&quot;335559738&quot;:280,&quot;335559739&quot;:80,&quot;335559740&quot;:288}\">\u00a0<\/span><\/h3>\n<p><span data-contrast=\"none\">Para a maioria das pessoas com alopecia androgen\u00e9tica, a combina\u00e7\u00e3o de finasterida e\u00a0minoxidil\u00a0oferece os melhores resultados. Evid\u00eancias cl\u00ednicas demonstram que essa abordagem dupla pode retardar a progress\u00e3o da queda de cabelo e estimular o crescimento capilar na maioria dos pacientes. Para casos avan\u00e7ados de alopecia,\u00a0<\/span><a href=\"https:\/\/vincihairclinic.com\/pt-br\/fazer-um-transplante-capilar-nesta-clinica-vai-economizar-mais-do-que-apenas-dinheiro\/\"><span data-contrast=\"none\">cirurgia de transplante capilar FUE<\/span><\/a><span data-contrast=\"none\">\u00a0continua sendo o padr\u00e3o ouro para restaura\u00e7\u00e3o permanente.<\/span><span data-ccp-props=\"{&quot;335557856&quot;:16777215,&quot;335559739&quot;:220}\">\u00a0<\/span><\/p>\n<h3 aria-level=\"3\"><span data-contrast=\"none\">Posso fazer tratamento para queda de cabelo pelo NHS (Servi\u00e7o Nacional de Sa\u00fade do Reino Unido)?<\/span><span data-ccp-props=\"{&quot;134245418&quot;:false,&quot;134245529&quot;:false,&quot;201341983&quot;:0,&quot;335557856&quot;:16777215,&quot;335559738&quot;:280,&quot;335559739&quot;:80,&quot;335559740&quot;:288}\">\u00a0<\/span><\/h3>\n<p><span data-contrast=\"none\">O NHS (Servi\u00e7o Nacional de Sa\u00fade do Reino Unido) geralmente n\u00e3o financia tratamentos est\u00e9ticos para queda de cabelo. No entanto, seu m\u00e9dico de fam\u00edlia pode prescrever finasterida ou\u00a0minoxidil, e voc\u00ea pagar\u00e1 a taxa padr\u00e3o de prescri\u00e7\u00e3o do NHS. Se a sua queda de cabelo for causada por uma condi\u00e7\u00e3o m\u00e9dica subjacente, como alopecia\u00a0areata, voc\u00ea poder\u00e1 ser encaminhado a um dermatologista para outras op\u00e7\u00f5es de tratamento pelo NHS.<\/span><span data-ccp-props=\"{&quot;335557856&quot;:16777215,&quot;335559739&quot;:220}\">\u00a0<\/span><\/p>\n<h3 aria-level=\"3\"><span data-contrast=\"none\">Quanto custa um transplante capilar no Reino Unido?<\/span><span data-ccp-props=\"{&quot;134245418&quot;:false,&quot;134245529&quot;:false,&quot;201341983&quot;:0,&quot;335557856&quot;:16777215,&quot;335559738&quot;:280,&quot;335559739&quot;:80,&quot;335559740&quot;:288}\">\u00a0<\/span><\/h3>\n<p><span data-contrast=\"none\">No Reino Unido, o custo de um transplante capilar geralmente varia de \u00a33.000 a \u00a312.000, dependendo do n\u00famero de enxertos necess\u00e1rios, da t\u00e9cnica utilizada e da cl\u00ednica. Os procedimentos FUE tendem a custar mais por enxerto, mas deixam cicatrizes m\u00ednimas. A maioria das cl\u00ednicas conceituadas, incluindo a\u00a0<\/span><a href=\"https:\/\/vincihairclinic.com\/pt-br\/\"><span data-contrast=\"none\">Vinci Hair Clinic<\/span><\/a><span data-contrast=\"none\">, oferecem consultas gratuitas e planos de pagamento para ajudar a diluir o custo.<\/span><span data-ccp-props=\"{&quot;335557856&quot;:16777215,&quot;335559739&quot;:220}\">\u00a0<\/span><\/p>\n<h3 aria-level=\"3\"><span data-contrast=\"none\">A terapia PRP realmente funciona para a queda de cabelo?<\/span><span data-ccp-props=\"{&quot;134245418&quot;:false,&quot;134245529&quot;:false,&quot;201341983&quot;:0,&quot;335557856&quot;:16777215,&quot;335559738&quot;:280,&quot;335559739&quot;:80,&quot;335559740&quot;:288}\">\u00a0<\/span><\/h3>\n<p><span data-contrast=\"none\">Sim, estudos cl\u00ednicos comprovam a efic\u00e1cia da terapia PRP no tratamento da queda de cabelo. Uma revis\u00e3o sistem\u00e1tica de 2019 em\u00a0<\/span><i><span data-contrast=\"none\">Cirurgia Dermatol\u00f3gica,\u00a0<\/span><\/i><span data-contrast=\"none\">constatou-se que o PRP aumentou a quantidade e a espessura dos fios de cabelo em pacientes com alopecia androgen\u00e9tica. Os resultados variam de pessoa para pessoa e, geralmente, s\u00e3o necess\u00e1rias v\u00e1rias sess\u00f5es. O tratamento funciona particularmente bem quando combinado com outras terapias.<\/span><span data-ccp-props=\"{&quot;335557856&quot;:16777215,&quot;335559739&quot;:220}\">\u00a0<\/span><\/p>\n<h3 aria-level=\"3\"><span data-contrast=\"none\">A partir de que idade devo come\u00e7ar a tratar a queda de cabelo?<\/span><span data-ccp-props=\"{&quot;134245418&quot;:false,&quot;134245529&quot;:false,&quot;201341983&quot;:0,&quot;335557856&quot;:16777215,&quot;335559738&quot;:280,&quot;335559739&quot;:80,&quot;335559740&quot;:288}\">\u00a0<\/span><\/h3>\n<p><span data-contrast=\"none\">Quanto mais cedo voc\u00ea tratar o problema, maiores ser\u00e3o as chances de preservar o cabelo existente. Se voc\u00ea notar\u00a0<\/span><a href=\"https:\/\/vincihairclinic.com\/pt-br\/how-to-help-your-hair-recover-from-the-effects-of-over-processing-by-benzoix-png\/\"><span data-contrast=\"none\">afinamento capilar aos 20 anos<\/span><\/a><span data-contrast=\"none\">, consulte um especialista o quanto antes. Tratamentos como finasterida e\u00a0minoxidil\u00a0s\u00e3o mais eficazes quando iniciados nos est\u00e1gios iniciais, antes que ocorra uma miniaturiza\u00e7\u00e3o folicular significativa.<\/span><span data-ccp-props=\"{&quot;335557856&quot;:16777215,&quot;335559739&quot;:220}\">\u00a0<\/span><\/p>\n","protected":false},"excerpt":{"rendered":"<p>Melhores tratamentos para queda de cabelo no Reino Unido\u00a0 Os melhores tratamentos para queda de cabelo dispon\u00edveis no Reino Unido incluem medicamentos clinicamente comprovados, como\u00a0minoxidil\u00a0e finasterida, terapias regenerativas como PRP, op\u00e7\u00f5es cir\u00fargicas como transplantes FUE e alternativas n\u00e3o invasivas, incluindo terapia a laser de baixa intensidade e micropigmenta\u00e7\u00e3o capilar. A escolha certa depende da causa [&hellip;]<\/p>\n","protected":false},"author":4,"featured_media":210215,"comment_status":"closed","ping_status":"closed","sticky":false,"template":"","format":"standard","meta":{"footnotes":""},"categories":[86],"tags":[],"class_list":["post-210742","post","type-post","status-publish","format-standard","has-post-thumbnail","hentry","category-vinci-hair-clinic-pt-br"],"_links":{"self":[{"href":"https:\/\/vincihairclinic.com\/pt-br\/wp-json\/wp\/v2\/posts\/210742","targetHints":{"allow":["GET"]}}],"collection":[{"href":"https:\/\/vincihairclinic.com\/pt-br\/wp-json\/wp\/v2\/posts"}],"about":[{"href":"https:\/\/vincihairclinic.com\/pt-br\/wp-json\/wp\/v2\/types\/post"}],"author":[{"embeddable":true,"href":"https:\/\/vincihairclinic.com\/pt-br\/wp-json\/wp\/v2\/users\/4"}],"replies":[{"embeddable":true,"href":"https:\/\/vincihairclinic.com\/pt-br\/wp-json\/wp\/v2\/comments?post=210742"}],"version-history":[{"count":3,"href":"https:\/\/vincihairclinic.com\/pt-br\/wp-json\/wp\/v2\/posts\/210742\/revisions"}],"predecessor-version":[{"id":210745,"href":"https:\/\/vincihairclinic.com\/pt-br\/wp-json\/wp\/v2\/posts\/210742\/revisions\/210745"}],"wp:featuredmedia":[{"embeddable":true,"href":"https:\/\/vincihairclinic.com\/pt-br\/wp-json\/wp\/v2\/media\/210215"}],"wp:attachment":[{"href":"https:\/\/vincihairclinic.com\/pt-br\/wp-json\/wp\/v2\/media?parent=210742"}],"wp:term":[{"taxonomy":"category","embeddable":true,"href":"https:\/\/vincihairclinic.com\/pt-br\/wp-json\/wp\/v2\/categories?post=210742"},{"taxonomy":"post_tag","embeddable":true,"href":"https:\/\/vincihairclinic.com\/pt-br\/wp-json\/wp\/v2\/tags?post=210742"}],"curies":[{"name":"wp","href":"https:\/\/api.w.org\/{rel}","templated":true}]}}