{"id":206948,"date":"2026-01-06T09:00:57","date_gmt":"2026-01-06T09:00:57","guid":{"rendered":"https:\/\/vincihairclinic.com\/?p=206948"},"modified":"2026-02-18T11:03:57","modified_gmt":"2026-02-18T11:03:57","slug":"queda-de-cabelo-apos-perda-de-peso-o-que-esta-acontecendo","status":"publish","type":"post","link":"https:\/\/vincihairclinic.com\/pt-br\/queda-de-cabelo-apos-perda-de-peso-o-que-esta-acontecendo\/","title":{"rendered":"Queda de cabelo ap\u00f3s perda de peso: o que est\u00e1 acontecendo?"},"content":{"rendered":"<p><span data-contrast=\"none\">Perder peso pode ser uma grande conquista para a sua sa\u00fade e autoestima. No entanto, para algumas pessoas, isso pode trazer um efeito colateral inesperado: a queda de cabelo.<\/span><span data-ccp-props=\"{&quot;335557856&quot;:16777215,&quot;335559739&quot;:220}\">\u00a0<\/span><\/p>\n<p><span data-contrast=\"none\">Se voc\u00ea notou um afinamento capilar nas t\u00eamporas ou uma maior queda de cabelo ap\u00f3s perder peso, n\u00e3o est\u00e1 imaginando coisas. A queda de cabelo ap\u00f3s a perda de peso \u00e9 um evento comum e documentado, e pode ser desconcertante passar por isso depois de tanto esfor\u00e7o para melhorar seu bem-estar geral.<\/span><span data-ccp-props=\"{&quot;335557856&quot;:16777215,&quot;335559739&quot;:220}\">\u00a0<\/span><\/p>\n<p><span data-contrast=\"none\">Este guia ir\u00e1 explorar as raz\u00f5es por tr\u00e1s da queda de cabelo ap\u00f3s a perda de peso, se ela \u00e9 permanente e as medidas que voc\u00ea pode tomar para estimular o crescimento saud\u00e1vel dos fios.<\/span><span data-ccp-props=\"{&quot;335557856&quot;:16777215,&quot;335559739&quot;:220}\">\u00a0<\/span><\/p>\n<h2 aria-level=\"2\"><strong>Por que ocorre queda de cabelo ap\u00f3s perda de peso?\u00a0<\/strong><\/h2>\n<p><span data-contrast=\"none\">Quando o corpo passa por mudan\u00e7as significativas ou repentinas \u2014 seja por perda de peso r\u00e1pida, dietas restritivas ou recupera\u00e7\u00e3o p\u00f3s-cir\u00fargica \u2014 isso pode, \u00e0s vezes, desencadear uma condi\u00e7\u00e3o chamada efl\u00favio\u00a0tel\u00f3geno.<\/span><span data-ccp-props=\"{&quot;335557856&quot;:16777215,&quot;335559739&quot;:220}\">\u00a0<\/span><\/p>\n<p><span data-contrast=\"none\">O efl\u00favio\u00a0tel\u00f3geno\u00a0ocorre quando\u00a0um grande n\u00famero de fol\u00edculos capilares entra\u00a0prematuramente na fase de repouso, ou \u201ctel\u00f3gena\u201d, do ciclo de crescimento capilar. Alguns meses depois, esses fios em repouso come\u00e7am a cair todos de uma vez, levando a um afinamento capilar vis\u00edvel.<\/span><span data-ccp-props=\"{&quot;335557856&quot;:16777215,&quot;335559739&quot;:220}\">\u00a0<\/span><\/p>\n<p><span data-contrast=\"none\">Os fatores desencadeantes comuns da queda de cabelo relacionada \u00e0 perda de peso incluem:<\/span><span data-ccp-props=\"{&quot;335557856&quot;:16777215,&quot;335559739&quot;:220}\">\u00a0<\/span><\/p>\n<ul>\n<li aria-setsize=\"-1\" data-leveltext=\"\u25cf\" data-font=\"Montserrat\" data-listid=\"3\" data-list-defn-props=\"{&quot;335551500&quot;:2172201,&quot;335552541&quot;:1,&quot;335559685&quot;:720,&quot;335559991&quot;:360,&quot;469769226&quot;:&quot;Montserrat&quot;,&quot;469769242&quot;:[8226],&quot;469777803&quot;:&quot;left&quot;,&quot;469777804&quot;:&quot;\u25cf&quot;,&quot;469777815&quot;:&quot;multilevel&quot;}\" data-aria-posinset=\"1\" data-aria-level=\"1\"><span data-contrast=\"none\"><strong>Dietas radicais:<\/strong> Restri\u00e7\u00f5es cal\u00f3ricas severas podem reduzir os nutrientes dispon\u00edveis para o crescimento do cabelo.<\/span><span data-ccp-props=\"{&quot;335557856&quot;:16777215}\">\u00a0<\/span><\/li>\n<\/ul>\n<ul>\n<li aria-setsize=\"-1\" data-leveltext=\"\u25cf\" data-font=\"Montserrat\" data-listid=\"3\" data-list-defn-props=\"{&quot;335551500&quot;:2172201,&quot;335552541&quot;:1,&quot;335559685&quot;:720,&quot;335559991&quot;:360,&quot;469769226&quot;:&quot;Montserrat&quot;,&quot;469769242&quot;:[8226],&quot;469777803&quot;:&quot;left&quot;,&quot;469777804&quot;:&quot;\u25cf&quot;,&quot;469777815&quot;:&quot;multilevel&quot;}\" data-aria-posinset=\"2\" data-aria-level=\"1\"><span data-contrast=\"none\"><strong>Defici\u00eancias nutricionais:<\/strong> A falta de prote\u00ednas, ferro, zinco, biotina ou outros nutrientes essenciais pode enfraquecer os fol\u00edculos capilares.<\/span><span data-ccp-props=\"{&quot;335557856&quot;:16777215}\">\u00a0<\/span><\/li>\n<\/ul>\n<ul>\n<li aria-setsize=\"-1\" data-leveltext=\"\u25cf\" data-font=\"Montserrat\" data-listid=\"3\" data-list-defn-props=\"{&quot;335551500&quot;:2172201,&quot;335552541&quot;:1,&quot;335559685&quot;:720,&quot;335559991&quot;:360,&quot;469769226&quot;:&quot;Montserrat&quot;,&quot;469769242&quot;:[8226],&quot;469777803&quot;:&quot;left&quot;,&quot;469777804&quot;:&quot;\u25cf&quot;,&quot;469777815&quot;:&quot;multilevel&quot;}\" data-aria-posinset=\"3\" data-aria-level=\"1\"><span data-contrast=\"none\"><strong>Estresse f\u00edsico:<\/strong> A perda de peso r\u00e1pida ou uma cirurgia podem causar estresse ao corpo.<\/span><span data-ccp-props=\"{&quot;335557856&quot;:16777215}\">\u00a0<\/span><\/li>\n<\/ul>\n<ul>\n<li aria-setsize=\"-1\" data-leveltext=\"\u25cf\" data-font=\"Montserrat\" data-listid=\"3\" data-list-defn-props=\"{&quot;335551500&quot;:2172201,&quot;335552541&quot;:1,&quot;335559685&quot;:720,&quot;335559991&quot;:360,&quot;469769226&quot;:&quot;Montserrat&quot;,&quot;469769242&quot;:[8226],&quot;469777803&quot;:&quot;left&quot;,&quot;469777804&quot;:&quot;\u25cf&quot;,&quot;469777815&quot;:&quot;multilevel&quot;}\" data-aria-posinset=\"4\" data-aria-level=\"1\"><span data-contrast=\"none\"><strong>Altera\u00e7\u00f5es hormonais:<\/strong> Mudan\u00e7as nos n\u00edveis de gordura corporal podem perturbar o equil\u00edbrio hormonal, afetando o crescimento capilar.<\/span><span data-ccp-props=\"{&quot;335557856&quot;:16777215}\">\u00a0<\/span><\/li>\n<\/ul>\n<h2 aria-level=\"2\"><strong>A queda de cabelo ap\u00f3s perda de peso \u00e9 permanente?\u00a0<\/strong><\/h2>\n<p><span data-contrast=\"none\">Para a maioria das pessoas, n\u00e3o. A queda de cabelo causada pelo efl\u00favio\u00a0tel\u00f3geno\u00a0\u00e9 geralmente tempor\u00e1ria, e o crescimento capilar recome\u00e7a assim que o corpo se ajusta e os n\u00edveis de nutrientes se estabilizam.<\/span><span data-ccp-props=\"{&quot;335557856&quot;:16777215,&quot;335559739&quot;:220}\">\u00a0<\/span><\/p>\n<p><span data-contrast=\"none\">No entanto, se existirem condi\u00e7\u00f5es subjacentes de queda de cabelo, tais como:<\/span><span data-ccp-props=\"{&quot;335557856&quot;:16777215,&quot;335559739&quot;:220}\">\u00a0<\/span><\/p>\n<ul>\n<li aria-setsize=\"-1\" data-leveltext=\"\u25cf\" data-font=\"Montserrat\" data-listid=\"1\" data-list-defn-props=\"{&quot;335551500&quot;:2172201,&quot;335552541&quot;:1,&quot;335559685&quot;:720,&quot;335559991&quot;:360,&quot;469769226&quot;:&quot;Montserrat&quot;,&quot;469769242&quot;:[8226],&quot;469777803&quot;:&quot;left&quot;,&quot;469777804&quot;:&quot;\u25cf&quot;,&quot;469777815&quot;:&quot;multilevel&quot;}\" data-aria-posinset=\"1\" data-aria-level=\"1\"><span data-contrast=\"none\">queda de cabelo feminina (alopecia androgen\u00e9tica),<\/span><span data-ccp-props=\"{&quot;335557856&quot;:16777215}\">\u00a0<\/span><\/li>\n<\/ul>\n<ul>\n<li aria-setsize=\"-1\" data-leveltext=\"\u25cf\" data-font=\"Montserrat\" data-listid=\"1\" data-list-defn-props=\"{&quot;335551500&quot;:2172201,&quot;335552541&quot;:1,&quot;335559685&quot;:720,&quot;335559991&quot;:360,&quot;469769226&quot;:&quot;Montserrat&quot;,&quot;469769242&quot;:[8226],&quot;469777803&quot;:&quot;left&quot;,&quot;469777804&quot;:&quot;\u25cf&quot;,&quot;469777815&quot;:&quot;multilevel&quot;}\" data-aria-posinset=\"2\" data-aria-level=\"1\"><span data-contrast=\"none\">Calv\u00edcie de padr\u00e3o masculino, ou<\/span><span data-ccp-props=\"{&quot;335557856&quot;:16777215}\">\u00a0<\/span><\/li>\n<\/ul>\n<ul>\n<li aria-setsize=\"-1\" data-leveltext=\"\u25cf\" data-font=\"Montserrat\" data-listid=\"1\" data-list-defn-props=\"{&quot;335551500&quot;:2172201,&quot;335552541&quot;:1,&quot;335559685&quot;:720,&quot;335559991&quot;:360,&quot;469769226&quot;:&quot;Montserrat&quot;,&quot;469769242&quot;:[8226],&quot;469777803&quot;:&quot;left&quot;,&quot;469777804&quot;:&quot;\u25cf&quot;,&quot;469777815&quot;:&quot;multilevel&quot;}\" data-aria-posinset=\"3\" data-aria-level=\"1\"><span data-contrast=\"none\">Problemas autoimunes (por exemplo, alopecia\u00a0areata) \u2014 a perda de peso pode torn\u00e1-los mais evidentes.<\/span><span data-ccp-props=\"{&quot;335557856&quot;:16777215}\">\u00a0<\/span><\/li>\n<\/ul>\n<p><span data-contrast=\"none\">Se o seu cabelo n\u00e3o come\u00e7ar a se recuperar em seis meses, ou se voc\u00ea notar \u00e1reas com recuo, falhas no couro cabeludo ou afinamento persistente, \u00e9 aconselh\u00e1vel procurar a orienta\u00e7\u00e3o de um profissional.<\/span><span data-ccp-props=\"{&quot;335557856&quot;:16777215,&quot;335559739&quot;:220}\">\u00a0<\/span><\/p>\n<h2 aria-level=\"2\"><strong>Nutrientes essenciais para cabelos saud\u00e1veis \u200b\u200bap\u00f3s a perda de peso\u00a0<\/strong><\/h2>\n<p><span data-contrast=\"none\">Para que o cabelo fique saud\u00e1vel e forte, ele precisa de nutrientes espec\u00edficos que seu corpo pode estar em falta ap\u00f3s a perda de peso. Os principais componentes para a sa\u00fade capilar incluem:<\/span><span data-ccp-props=\"{&quot;335557856&quot;:16777215,&quot;335559739&quot;:220}\">\u00a0<\/span><\/p>\n<ul>\n<li aria-setsize=\"-1\" data-leveltext=\"\u25cf\" data-font=\"Montserrat\" data-listid=\"2\" data-list-defn-props=\"{&quot;335551500&quot;:2172201,&quot;335552541&quot;:1,&quot;335559685&quot;:720,&quot;335559991&quot;:360,&quot;469769226&quot;:&quot;Montserrat&quot;,&quot;469769242&quot;:[8226],&quot;469777803&quot;:&quot;left&quot;,&quot;469777804&quot;:&quot;\u25cf&quot;,&quot;469777815&quot;:&quot;multilevel&quot;}\" data-aria-posinset=\"1\" data-aria-level=\"1\"><span data-contrast=\"none\"><strong>Prote\u00edna<\/strong>: Necess\u00e1ria para a produ\u00e7\u00e3o de queratina, a principal prote\u00edna estrutural do cabelo.<\/span><span data-ccp-props=\"{&quot;335557856&quot;:16777215}\">\u00a0<\/span><\/li>\n<\/ul>\n<ul>\n<li aria-setsize=\"-1\" data-leveltext=\"\u25cf\" data-font=\"Montserrat\" data-listid=\"2\" data-list-defn-props=\"{&quot;335551500&quot;:2172201,&quot;335552541&quot;:1,&quot;335559685&quot;:720,&quot;335559991&quot;:360,&quot;469769226&quot;:&quot;Montserrat&quot;,&quot;469769242&quot;:[8226],&quot;469777803&quot;:&quot;left&quot;,&quot;469777804&quot;:&quot;\u25cf&quot;,&quot;469777815&quot;:&quot;multilevel&quot;}\" data-aria-posinset=\"2\" data-aria-level=\"1\"><span data-contrast=\"none\"><strong>Ferro<\/strong>: Garante a circula\u00e7\u00e3o sangu\u00ednea adequada no couro cabeludo.<\/span><span data-ccp-props=\"{&quot;335557856&quot;:16777215}\">\u00a0<\/span><\/li>\n<\/ul>\n<ul>\n<li aria-setsize=\"-1\" data-leveltext=\"\u25cf\" data-font=\"Montserrat\" data-listid=\"2\" data-list-defn-props=\"{&quot;335551500&quot;:2172201,&quot;335552541&quot;:1,&quot;335559685&quot;:720,&quot;335559991&quot;:360,&quot;469769226&quot;:&quot;Montserrat&quot;,&quot;469769242&quot;:[8226],&quot;469777803&quot;:&quot;left&quot;,&quot;469777804&quot;:&quot;\u25cf&quot;,&quot;469777815&quot;:&quot;multilevel&quot;}\" data-aria-posinset=\"3\" data-aria-level=\"1\"><span data-contrast=\"none\"><strong>Zinco<\/strong>: Auxilia na repara\u00e7\u00e3o dos tecidos e na sa\u00fade dos fol\u00edculos.<\/span><span data-ccp-props=\"{&quot;335557856&quot;:16777215}\">\u00a0<\/span><\/li>\n<\/ul>\n<ul>\n<li aria-setsize=\"-1\" data-leveltext=\"\u25cf\" data-font=\"Montserrat\" data-listid=\"2\" data-list-defn-props=\"{&quot;335551500&quot;:2172201,&quot;335552541&quot;:1,&quot;335559685&quot;:720,&quot;335559991&quot;:360,&quot;469769226&quot;:&quot;Montserrat&quot;,&quot;469769242&quot;:[8226],&quot;469777803&quot;:&quot;left&quot;,&quot;469777804&quot;:&quot;\u25cf&quot;,&quot;469777815&quot;:&quot;multilevel&quot;}\" data-aria-posinset=\"4\" data-aria-level=\"1\"><span data-contrast=\"none\"><strong>Biotina (Vitamina B7):<\/strong> Auxilia no fortalecimento dos fios de cabelo.<\/span><span data-ccp-props=\"{&quot;335557856&quot;:16777215}\">\u00a0<\/span><\/li>\n<\/ul>\n<ul>\n<li aria-setsize=\"-1\" data-leveltext=\"\u25cf\" data-font=\"Montserrat\" data-listid=\"2\" data-list-defn-props=\"{&quot;335551500&quot;:2172201,&quot;335552541&quot;:1,&quot;335559685&quot;:720,&quot;335559991&quot;:360,&quot;469769226&quot;:&quot;Montserrat&quot;,&quot;469769242&quot;:[8226],&quot;469777803&quot;:&quot;left&quot;,&quot;469777804&quot;:&quot;\u25cf&quot;,&quot;469777815&quot;:&quot;multilevel&quot;}\" data-aria-posinset=\"5\" data-aria-level=\"1\"><span data-contrast=\"none\"><strong>Vitamina D:<\/strong> Promove o ciclo saud\u00e1vel dos fol\u00edculos capilares e melhora a sa\u00fade do couro cabeludo.<\/span><span data-ccp-props=\"{&quot;335557856&quot;:16777215}\">\u00a0<\/span><\/li>\n<\/ul>\n<p><span data-contrast=\"none\">Melhorar a alimenta\u00e7\u00e3o ou adicionar suplementos espec\u00edficos pode fornecer os elementos essenciais para estimular o crescimento capilar.<\/span><span data-ccp-props=\"{&quot;335557856&quot;:16777215,&quot;335559739&quot;:220}\">\u00a0<\/span><\/p>\n<h2 aria-level=\"2\"><strong>Apoio \u00e0 recupera\u00e7\u00e3o capilar na Cl\u00ednica Capilar Vinci\u00a0<\/strong><\/h2>\n<p><span data-contrast=\"none\">Na Vinci\u00a0Hair\u00a0Clinic, entendemos o qu\u00e3o angustiante pode ser a queda de cabelo, especialmente ap\u00f3s alcan\u00e7ar um objetivo importante como a perda de peso. Por isso, oferecemos uma gama de tratamentos clinicamente comprovados para estimular a regenera\u00e7\u00e3o capilar e restaurar o volume perdido, incluindo:<\/span><span data-ccp-props=\"{&quot;335557856&quot;:16777215,&quot;335559739&quot;:220}\">\u00a0<\/span><\/p>\n<ol>\n<li aria-level=\"3\">\n<h3><strong> Terapia com PRP (Plasma Rico em Plaquetas)<\/strong><\/h3>\n<\/li>\n<\/ol>\n<p><span data-contrast=\"none\">Este tratamento natural e minimamente invasivo utiliza fatores de crescimento do seu pr\u00f3prio sangue para estimular fol\u00edculos capilares dormentes, promover o crescimento e melhorar a qualidade do cabelo \u2014 tudo isso sem tempo de recupera\u00e7\u00e3o.<\/span><span data-ccp-props=\"{&quot;335557856&quot;:16777215,&quot;335559739&quot;:220}\">\u00a0<\/span><\/p>\n<ol start=\"2\">\n<li aria-level=\"3\">\n<h3><strong>Maxogaine(Minoxidil)\u00a0<\/strong><\/h3>\n<\/li>\n<\/ol>\n<p><span data-contrast=\"none\">Um tratamento t\u00f3pico desenvolvido para melhorar a circula\u00e7\u00e3o sangu\u00ednea no couro cabeludo, fortalecer os fol\u00edculos capilares e prolongar a fase natural de crescimento.<\/span><span data-ccp-props=\"{&quot;335557856&quot;:16777215,&quot;335559739&quot;:220}\">\u00a0<\/span><\/p>\n<ol start=\"3\">\n<li aria-level=\"3\">\n<h3><strong> Testes de micronutrientes e planos alimentares<\/strong><\/h3>\n<\/li>\n<\/ol>\n<p><span data-contrast=\"none\">Come\u00e7amos com uma an\u00e1lise detalhada dos seus n\u00edveis de nutrientes para identificar quaisquer defici\u00eancias, antes de criar planos personalizados de nutri\u00e7\u00e3o ou suplementa\u00e7\u00e3o para melhorar a sa\u00fade capilar e geral.<\/span><span data-ccp-props=\"{&quot;335557856&quot;:16777215,&quot;335559739&quot;:220}\">\u00a0<\/span><\/p>\n<ol start=\"4\">\n<li aria-level=\"3\">\n<h3><strong> Transplantes Capilares FUE<\/strong><\/h3>\n<\/li>\n<\/ol>\n<p><span data-contrast=\"none\">Para clientes com padr\u00f5es heredit\u00e1rios de queda de cabelo desencadeados pela perda de peso, nossa t\u00e9cnica minimamente invasiva de Extra\u00e7\u00e3o de Unidades Foliculares (FUE) proporciona resultados naturais e duradouros.<\/span><span data-ccp-props=\"{&quot;335557856&quot;:16777215,&quot;335559739&quot;:220}\">\u00a0<\/span><\/p>\n<h2 aria-level=\"2\"><strong>Dicas para prevenir a queda de cabelo durante a perda de peso\u00a0<\/strong><\/h2>\n<p><span data-contrast=\"none\">Se voc\u00ea est\u00e1 planejando perder peso \u2014 ou j\u00e1 est\u00e1 nesse processo \u2014, estas dicas podem ajudar a proteger a sa\u00fade do seu cabelo:<\/span><span data-ccp-props=\"{&quot;335557856&quot;:16777215,&quot;335559739&quot;:220}\">\u00a0<\/span><\/p>\n<ul>\n<li aria-setsize=\"-1\" data-leveltext=\"\u25cf\" data-font=\"Montserrat\" data-listid=\"4\" data-list-defn-props=\"{&quot;335551500&quot;:2172201,&quot;335552541&quot;:1,&quot;335559685&quot;:720,&quot;335559991&quot;:360,&quot;469769226&quot;:&quot;Montserrat&quot;,&quot;469769242&quot;:[8226],&quot;469777803&quot;:&quot;left&quot;,&quot;469777804&quot;:&quot;\u25cf&quot;,&quot;469777815&quot;:&quot;multilevel&quot;}\" data-aria-posinset=\"1\" data-aria-level=\"1\"><span data-contrast=\"none\"><strong>Evite a perda de peso r\u00e1pida:<\/strong> mudan\u00e7as repentinas t\u00eam maior probabilidade de causar choque no corpo e desencadear a elimina\u00e7\u00e3o de gordura.<\/span><span data-ccp-props=\"{&quot;335557856&quot;:16777215}\">\u00a0<\/span><\/li>\n<\/ul>\n<ul>\n<li aria-setsize=\"-1\" data-leveltext=\"\u25cf\" data-font=\"Montserrat\" data-listid=\"4\" data-list-defn-props=\"{&quot;335551500&quot;:2172201,&quot;335552541&quot;:1,&quot;335559685&quot;:720,&quot;335559991&quot;:360,&quot;469769226&quot;:&quot;Montserrat&quot;,&quot;469769242&quot;:[8226],&quot;469777803&quot;:&quot;left&quot;,&quot;469777804&quot;:&quot;\u25cf&quot;,&quot;469777815&quot;:&quot;multilevel&quot;}\" data-aria-posinset=\"2\" data-aria-level=\"1\"><span data-contrast=\"none\"><strong>Mantenha uma alimenta\u00e7\u00e3o equilibrada:<\/strong> Garanta a ingest\u00e3o adequada de prote\u00ednas, vitaminas e minerais em toda a sua dieta.<\/span><span data-ccp-props=\"{&quot;335557856&quot;:16777215}\">\u00a0<\/span><\/li>\n<\/ul>\n<ul>\n<li aria-setsize=\"-1\" data-leveltext=\"\u25cf\" data-font=\"Montserrat\" data-listid=\"4\" data-list-defn-props=\"{&quot;335551500&quot;:2172201,&quot;335552541&quot;:1,&quot;335559685&quot;:720,&quot;335559991&quot;:360,&quot;469769226&quot;:&quot;Montserrat&quot;,&quot;469769242&quot;:[8226],&quot;469777803&quot;:&quot;left&quot;,&quot;469777804&quot;:&quot;\u25cf&quot;,&quot;469777815&quot;:&quot;multilevel&quot;}\" data-aria-posinset=\"3\" data-aria-level=\"1\"><span data-contrast=\"none\"><strong>Controle o estresse:<\/strong> Incorpore t\u00e9cnicas de relaxamento, como\u00a0mindfulness\u00a0ou ioga, para minimizar o desgaste f\u00edsico e emocional.<\/span><span data-ccp-props=\"{&quot;335557856&quot;:16777215}\">\u00a0<\/span><\/li>\n<\/ul>\n<ul>\n<li aria-setsize=\"-1\" data-leveltext=\"\u25cf\" data-font=\"Montserrat\" data-listid=\"4\" data-list-defn-props=\"{&quot;335551500&quot;:2172201,&quot;335552541&quot;:1,&quot;335559685&quot;:720,&quot;335559991&quot;:360,&quot;469769226&quot;:&quot;Montserrat&quot;,&quot;469769242&quot;:[8226],&quot;469777803&quot;:&quot;left&quot;,&quot;469777804&quot;:&quot;\u25cf&quot;,&quot;469777815&quot;:&quot;multilevel&quot;}\" data-aria-posinset=\"4\" data-aria-level=\"1\"><span data-contrast=\"none\"><strong>Procure aconselhamento especializado:<\/strong> Se notar afinamento capilar, consulte um\u00a0tricologista\u00a0ou especialista em restaura\u00e7\u00e3o capilar o quanto antes.<\/span><span data-ccp-props=\"{&quot;335557856&quot;:16777215}\">\u00a0<\/span><\/li>\n<\/ul>\n<h2 aria-level=\"2\"><strong>Agende uma avalia\u00e7\u00e3o gratuita da sa\u00fade do seu cabelo.\u00a0<\/strong><\/h2>\n<p><span data-contrast=\"none\">Se voc\u00ea sofreu queda de cabelo ap\u00f3s perder peso, saiba que n\u00e3o est\u00e1 sozinho(a) \u2014 e a boa not\u00edcia \u00e9 que, muitas vezes, esse problema \u00e9 revers\u00edvel com a abordagem correta. Na Vinci\u00a0Hair\u00a0Clinic, nossa equipe de especialistas pode ajudar a identificar a causa e desenvolver um plano de tratamento para promover um crescimento capilar saud\u00e1vel e sustent\u00e1vel.<\/span><span data-ccp-props=\"{&quot;335557856&quot;:16777215,&quot;335559739&quot;:220}\">\u00a0<\/span><\/p>\n<p><span data-contrast=\"none\">N\u00e3o hesite \u2014 quanto mais cedo agir, maiores ser\u00e3o as suas chances de recuperar a autoconfian\u00e7a e redescobrir cabelos mais saud\u00e1veis \u200b\u200be volumosos.<\/span><span data-ccp-props=\"{&quot;335557856&quot;:16777215,&quot;335559739&quot;:220}\">\u00a0<\/span><\/p>\n","protected":false},"excerpt":{"rendered":"<p>Perder peso pode ser uma grande conquista para a sua sa\u00fade e autoestima. No entanto, para algumas pessoas, isso pode trazer um efeito colateral inesperado: a queda de cabelo.\u00a0 Se voc\u00ea notou um afinamento capilar nas t\u00eamporas ou uma maior queda de cabelo ap\u00f3s perder peso, n\u00e3o est\u00e1 imaginando coisas. A queda de cabelo ap\u00f3s [&hellip;]<\/p>\n","protected":false},"author":12,"featured_media":206917,"comment_status":"closed","ping_status":"closed","sticky":false,"template":"","format":"standard","meta":{"footnotes":""},"categories":[86],"tags":[],"class_list":["post-206948","post","type-post","status-publish","format-standard","has-post-thumbnail","hentry","category-vinci-hair-clinic-pt-br"],"_links":{"self":[{"href":"https:\/\/vincihairclinic.com\/pt-br\/wp-json\/wp\/v2\/posts\/206948","targetHints":{"allow":["GET"]}}],"collection":[{"href":"https:\/\/vincihairclinic.com\/pt-br\/wp-json\/wp\/v2\/posts"}],"about":[{"href":"https:\/\/vincihairclinic.com\/pt-br\/wp-json\/wp\/v2\/types\/post"}],"author":[{"embeddable":true,"href":"https:\/\/vincihairclinic.com\/pt-br\/wp-json\/wp\/v2\/users\/12"}],"replies":[{"embeddable":true,"href":"https:\/\/vincihairclinic.com\/pt-br\/wp-json\/wp\/v2\/comments?post=206948"}],"version-history":[{"count":2,"href":"https:\/\/vincihairclinic.com\/pt-br\/wp-json\/wp\/v2\/posts\/206948\/revisions"}],"predecessor-version":[{"id":206950,"href":"https:\/\/vincihairclinic.com\/pt-br\/wp-json\/wp\/v2\/posts\/206948\/revisions\/206950"}],"wp:featuredmedia":[{"embeddable":true,"href":"https:\/\/vincihairclinic.com\/pt-br\/wp-json\/wp\/v2\/media\/206917"}],"wp:attachment":[{"href":"https:\/\/vincihairclinic.com\/pt-br\/wp-json\/wp\/v2\/media?parent=206948"}],"wp:term":[{"taxonomy":"category","embeddable":true,"href":"https:\/\/vincihairclinic.com\/pt-br\/wp-json\/wp\/v2\/categories?post=206948"},{"taxonomy":"post_tag","embeddable":true,"href":"https:\/\/vincihairclinic.com\/pt-br\/wp-json\/wp\/v2\/tags?post=206948"}],"curies":[{"name":"wp","href":"https:\/\/api.w.org\/{rel}","templated":true}]}}