{"id":163313,"date":"2023-03-24T09:00:44","date_gmt":"2023-03-24T13:00:44","guid":{"rendered":"http:\/\/vincihairclinic.com\/?p=163313"},"modified":"2026-02-18T11:13:34","modified_gmt":"2026-02-18T11:13:34","slug":"quando-a-alopecia-se-torna-um-problema-de-saude-mental","status":"publish","type":"post","link":"https:\/\/vincihairclinic.com\/pt-br\/quando-a-alopecia-se-torna-um-problema-de-saude-mental\/","title":{"rendered":"Quando a alopecia se torna um problema de sa\u00fade mental"},"content":{"rendered":"<p>\u201cQuando perdi meu cabelo, perdi uma parte da minha personalidade.\u201d Essas s\u00e3o as palavras de <a href=\"https:\/\/www.englandrugby.com\/news\/longform\/heather-fisher-announces-retirement\" target=\"_blank\" rel=\"noopener\">Heather Fisher<\/a>, que venceu a Copa do Mundo Feminina de Rugby com a Inglaterra em 2014. Alguns anos antes, ela come\u00e7ou a perder o cabelo e foi diagnosticada com alopecia. Ela falou abertamente sobre como a experi\u00eancia a afetou. A alopecia pode ser uma forma extrema de perda de cabelo, mas mesmo casos menos graves podem ter um efeito semelhante. Quando uma atleta de elite confiante pode admitir que isso a deixou se sentindo \u201ccom muito medo de mostrar como eu realmente me sinto\u201d, isso mostra o impacto psicol\u00f3gico que a perda de cabelo pode causar.<\/p>\n<p>Este artigo analisar\u00e1 porqu\u00ea a queda de cabelo deixa de ser um problema est\u00e9tico e passa a afetar nosso bem-estar mental. Continue lendo para saber mais!<\/p>\n<h4>Tipos de alopecia<\/h4>\n<p>Existem diferentes formas de alopecia. A alopecia androgen\u00e9tica, tamb\u00e9m conhecida como calv\u00edcie masculina ou feminina, \u00e9 o tipo mais comum. A alopecia areata tem diferentes subgrupos. Uma delas, a alopecia totalis, causa calv\u00edcie total ao inv\u00e9s de pequenas manchas isoladas de perda de cabelo, enquanto a alopecia universalis \u00e9 o nome dado \u00e0 perda de cabelo que afeta todo o corpo.<\/p>\n<p>A alopecia areata \u00e9 uma doen\u00e7a autoimune. Isso acontece quando o sistema imunol\u00f3gico do corpo come\u00e7a a atacar as c\u00e9lulas saud\u00e1veis. Os cientistas acreditam que h\u00e1 uma raz\u00e3o gen\u00e9tica para isso, mas a condi\u00e7\u00e3o ainda n\u00e3o \u00e9 totalmente compreendida.<\/p>\n<h4>Impacto na sa\u00fade mental<\/h4>\n<p>Estudos confirmaram que a alopecia areata pode ter um impacto significativo na sa\u00fade mental. <a href=\"https:\/\/pubmed.ncbi.nlm.nih.gov\/31163237\/\" target=\"_blank\" rel=\"noopener\">Um estudo<\/a> conduzido por pesquisadores da Harvard Medical School descobriu que indiv\u00edduos com a doen\u00e7a tinham um risco significativamente maior de desenvolver ansiedade e depress\u00e3o. O estudo, publicado no <em>Journal of the American Academy of Dermatology<\/em>, tamb\u00e9m descobriu que o risco de desenvolver problemas de sa\u00fade mental aumentou de acordo com a gravidade do caso de alopecia areata.<\/p>\n<p>Da mesma forma, <a href=\"https:\/\/www.ncbi.nlm.nih.gov\/pmc\/articles\/PMC4521674\/\" target=\"_blank\" rel=\"noopener\">um estudo<\/a> publicado no <em>Journal of Investigative Dermatology<\/em> descobriu que indiv\u00edduos com alopecia areata apresentavam maior risco de depress\u00e3o e ansiedade do que aqueles sem a doen\u00e7a. O estudo conduzido por pesquisadores da Escola de Medicina Miller da Universidade de Miami descobriu que o impacto psicol\u00f3gico da perda de cabelo foi significativo, com os participantes relatando sentimentos de baixa auto-estima e imagem corporal negativa.<\/p>\n<h4>Por que essa conex\u00e3o?<\/h4>\n<p>Ent\u00e3o, por que a perda de cabelo tem um impacto t\u00e3o profundo na sa\u00fade mental? Existem v\u00e1rias raz\u00f5es. Primeiro, a condi\u00e7\u00e3o pode ser incrivelmente isolante. Pessoas com alopecia s\u00e3o levadas a se sentirem diferentes por aqueles ao seu redor. Heather Fisher afirmou isso, mas outras pessoas que sofrem de alopecia disseram a mesma coisa. <a href=\"https:\/\/www.abc.net.au\/news\/2022-09-17\/katie-hale-uses-instagram-to-talk-about-alopecia-areata\/101443334\" target=\"_blank\" rel=\"noopener\">Katie Hale<\/a> foi diagnosticada com alopecia areata em 2015 e acabou mudando de cidade porque, como ela disse, \u201cvoc\u00ea \u00e9 tratada de maneira bem diferente\u201d.<\/p>\n<p>Sentir na pele esse tipo de tratamento pode levar ao isolamento social e \u00e0 falta de apoio, piorando os sentimentos de depress\u00e3o e ansiedade.<\/p>\n<p>Al\u00e9m disso, a queda de cabelo pode ter um impacto significativo na autoestima e na imagem corporal. O cabelo \u00e9 uma parte significativa da apar\u00eancia de uma pessoa e perd\u00ea-lo pode fazer com que ela se sinta pouco atraente ou menos desej\u00e1vel. Isso pode ser particularmente pior para as mulheres, que podem sentir que sua feminilidade \u00e9 prejudicada pela queda de cabelo.<\/p>\n<h4>Tratamentos<\/h4>\n<p>Embora a perda de cabelo geralmente seja trat\u00e1vel de uma forma impens\u00e1vel h\u00e1 dez anos atr\u00e1s, a alopecia areata continua sendo uma \u00e1rea em que houve pouco progresso. Existem alguns medicamentos e tratamentos dispon\u00edveis para alopecia irregular, mas eles n\u00e3o funcionam para todos.<\/p>\n<p>A aus\u00eancia de luz no fim do t\u00fanel pode dar origem a sentimentos de desesperan\u00e7a e desespero que podem exacerbar ainda mais a ansiedade e a depress\u00e3o.<\/p>\n<p>O que pode ser feito para ajudar as pessoas com alopecia a cuidar de sua sa\u00fade mental? Um passo importante \u00e9 aumentar a conscientiza\u00e7\u00e3o sobre a condi\u00e7\u00e3o e seu impacto na sa\u00fade mental. Ao falar abertamente sobre alopecia e seus efeitos, podemos ajudar a reduzir o estigma associado a ela e fornecer o apoio necess\u00e1rio para aqueles que est\u00e3o lutando.<\/p>\n<p>Al\u00e9m disso, os indiv\u00edduos com alopecia podem se beneficiar ao buscar a ajuda de outras pessoas. Terapia, aconselhamento e grupos de apoio podem ser formas eficazes de gerenciar o impacto emocional da perda de cabelo e desenvolver resili\u00eancia. Eles podem ajudar as pessoas a ver que n\u00e3o precisam ser definidas pela alopecia.<\/p>\n<h4>Conclus\u00e3o<\/h4>\n<p>Embora a alopecia total afete relativamente poucas pessoas, muitos de n\u00f3s ser\u00e3o afetados pela queda de cabelo em algum momento de nossas vidas. A boa not\u00edcia \u00e9 que hoje existem muitos tratamentos eficazes que podem parar, reverter ou controlar a condi\u00e7\u00e3o. A perda de cabelo \u00e9 tratada de forma mais eficaz quando detectada em um est\u00e1gio inicial; portanto, se voc\u00ea tiver d\u00favidas, fale com um especialista em cabelos na primeira oportunidade.<\/p>\n<p>A Vinci Hair Clinic pode ajudar com isso. Somos uma das maiores empresas de restaura\u00e7\u00e3o capilar do mundo, com uma rede de cl\u00ednicas em todo o mundo. Novos clientes t\u00eam direito a uma avalia\u00e7\u00e3o gratuita e sem compromisso com um de nossos especialistas em cabelos, pessoalmente ou por meio de fotos por telefone. Contate-nos hoje e marque a sua avalia\u00e7\u00e3o!<\/p>\n","protected":false},"excerpt":{"rendered":"<p>\u201cQuando perdi meu cabelo, perdi uma parte da minha personalidade.\u201d Essas s\u00e3o as palavras de Heather Fisher, que venceu a Copa do Mundo Feminina de Rugby com a Inglaterra em 2014. Alguns anos antes, ela come\u00e7ou a perder o cabelo e foi diagnosticada com alopecia. Ela falou abertamente sobre como a experi\u00eancia a afetou. A [&hellip;]<\/p>\n","protected":false},"author":12,"featured_media":163308,"comment_status":"closed","ping_status":"closed","sticky":false,"template":"","format":"standard","meta":{"footnotes":""},"categories":[86],"tags":[],"class_list":["post-163313","post","type-post","status-publish","format-standard","has-post-thumbnail","hentry","category-vinci-hair-clinic-pt-br"],"_links":{"self":[{"href":"https:\/\/vincihairclinic.com\/pt-br\/wp-json\/wp\/v2\/posts\/163313","targetHints":{"allow":["GET"]}}],"collection":[{"href":"https:\/\/vincihairclinic.com\/pt-br\/wp-json\/wp\/v2\/posts"}],"about":[{"href":"https:\/\/vincihairclinic.com\/pt-br\/wp-json\/wp\/v2\/types\/post"}],"author":[{"embeddable":true,"href":"https:\/\/vincihairclinic.com\/pt-br\/wp-json\/wp\/v2\/users\/12"}],"replies":[{"embeddable":true,"href":"https:\/\/vincihairclinic.com\/pt-br\/wp-json\/wp\/v2\/comments?post=163313"}],"version-history":[{"count":1,"href":"https:\/\/vincihairclinic.com\/pt-br\/wp-json\/wp\/v2\/posts\/163313\/revisions"}],"predecessor-version":[{"id":208816,"href":"https:\/\/vincihairclinic.com\/pt-br\/wp-json\/wp\/v2\/posts\/163313\/revisions\/208816"}],"wp:featuredmedia":[{"embeddable":true,"href":"https:\/\/vincihairclinic.com\/pt-br\/wp-json\/wp\/v2\/media\/163308"}],"wp:attachment":[{"href":"https:\/\/vincihairclinic.com\/pt-br\/wp-json\/wp\/v2\/media?parent=163313"}],"wp:term":[{"taxonomy":"category","embeddable":true,"href":"https:\/\/vincihairclinic.com\/pt-br\/wp-json\/wp\/v2\/categories?post=163313"},{"taxonomy":"post_tag","embeddable":true,"href":"https:\/\/vincihairclinic.com\/pt-br\/wp-json\/wp\/v2\/tags?post=163313"}],"curies":[{"name":"wp","href":"https:\/\/api.w.org\/{rel}","templated":true}]}}