{"id":162427,"date":"2023-02-13T09:00:52","date_gmt":"2023-02-13T14:00:52","guid":{"rendered":"http:\/\/vincihairclinic.com\/?p=162427"},"modified":"2026-02-18T11:13:49","modified_gmt":"2026-02-18T11:13:49","slug":"recupere-se-da-calvicie-pos-covid-com-estas-dicas-incriveis","status":"publish","type":"post","link":"https:\/\/vincihairclinic.com\/pt-br\/recupere-se-da-calvicie-pos-covid-com-estas-dicas-incriveis\/","title":{"rendered":"Recupere-se da Calv\u00edcie P\u00f3s-Covid com estas dicas incr\u00edveis!"},"content":{"rendered":"<p>O Covid-19 n\u00e3o domina mais os notici\u00e1rios, felizmente, mas isso n\u00e3o significa que o v\u00edrus tenha desaparecido completamente. Ainda est\u00e1 entre n\u00f3s, mesmo que as taxas de infec\u00e7\u00e3o e hospitaliza\u00e7\u00f5es associadas \u00e0 doen\u00e7a <a href=\"https:\/\/www.cidrap.umn.edu\/covid-19\/global-covid-19-cases-and-deaths-continue-decline\" target=\"_blank\" rel=\"noopener\">continuem diminuindo<\/a> em todo o mundo. Um efeito colateral desagrad\u00e1vel da doen\u00e7a ainda existe; a perda de cabelo p\u00f3s-Covid continua a causar preocupa\u00e7\u00e3o e estresse para quem sofre com ela. Isso inclui pessoas de destaque como a atriz <a href=\"https:\/\/www.dailymail.co.uk\/tvshowbiz\/article-8612557\/Alyssa-Milano-shows-SHOCKING-hair-loss-result-COVID-19-considered-long-hauler.html\" target=\"_blank\" rel=\"noopener\">Alyssa Milano<\/a>, a estrela de reality shows <a href=\"https:\/\/www.independent.co.uk\/life-style\/khloe-kardashian-hair-loss-covid-19-b1929017.html\" target=\"_blank\" rel=\"noopener\">Khlo\u00e9 Kardashian<\/a> e o cantor Drake.<\/p>\n<p>Este artigo examinar\u00e1 as causas da queda p\u00f3s-Covid e, mais importante, contar\u00e1 o que voc\u00ea pode fazer para garantir que suas madeixas voltem a crescer de forma r\u00e1pida e forte. Continue lendo para algumas dicas importantes!<\/p>\n<h4>O que \u00e9 a queda de cabelo p\u00f3s-covid?<\/h4>\n<p>A queda de cabelo p\u00f3s-Covid refere-se \u00e0 queda que ocorre como resultado do estresse e da doen\u00e7a graves causados pelo v\u00edrus Covid-19. Essa perda de cabelo pode ser tempor\u00e1ria ou permanente e acredita-se que seja causada pelo ataque do sistema imunol\u00f3gico aos fol\u00edculos capilares, combinado com estresse e altera\u00e7\u00f5es hormonais. Tamb\u00e9m pode ser um efeito colateral de certos medicamentos usados para tratar a Covid-19.<\/p>\n<p>Um <a href=\"https:\/\/www.ncbi.nlm.nih.gov\/pmc\/articles\/PMC9349634\/\" target=\"_blank\" rel=\"noopener\">estudo<\/a> realizado em 2022 concluiu que a queda de cabelo p\u00f3s-Covid estava muito provavelmente ligada ao efl\u00favio tel\u00f3geno. O efl\u00favio tel\u00f3geno \u00e9 um tipo de condi\u00e7\u00e3o de perda de cabelo caracterizada pela queda repentina e generalizada de cabelo que geralmente ocorre v\u00e1rios meses ap\u00f3s um evento estressante ou mudan\u00e7a no corpo. A doen\u00e7a causada pela Covid-19 se enquadra na descri\u00e7\u00e3o de um evento estressante, enquanto os medicamentos e vacinas usados para tratar o v\u00edrus podem ser respons\u00e1veis por altera\u00e7\u00f5es no organismo.<\/p>\n<p>O estudo tamb\u00e9m identificou que quase 83% dos casos de queda de cabelo p\u00f3s-Covid foram relatados por mulheres. Isso pode ocorrer porque as mulheres s\u00e3o <a href=\"https:\/\/www.ncbi.nlm.nih.gov\/pmc\/articles\/PMC7292717\/#:~:text=There%20are%20over%20100%20types,diseases%20are%20women%20%5B1%5D.\" target=\"_blank\" rel=\"noopener\">mais propensas a relatar a perda de cabelo<\/a> ou pode estar ligada ao fato de que as mulheres s\u00e3o mais propensas a doen\u00e7as autoimunes. Por\u00e9m, o relat\u00f3rio concluiu que a maioria dos casos tamb\u00e9m era revers\u00edvel.<\/p>\n<p><a href=\"https:\/\/www.ncbi.nlm.nih.gov\/pmc\/articles\/PMC9042074\/#:~:text=In%20patients%20with%20post%2DCOVID,are%20beneath%20the%20reference%20threshold.\" target=\"_blank\" rel=\"noopener\">O estudo<\/a> publicado por pesquisadores romenos no ano passado investigou poss\u00edveis tratamentos para a queda de cabelo p\u00f3s-Covid. O relat\u00f3rio concluiu que \u201cnenhuma interven\u00e7\u00e3o \u00fanica \u00e9 suficiente\u201d e passou a defender uma abordagem hol\u00edstica que integrasse diferentes tratamentos. Vejamos alguns desses tratamentos.<\/p>\n<h4>Tratamentos<\/h4>\n<p>Os tratamentos para queda de cabelo p\u00f3s-Covid se enquadram em uma das duas categorias, autoajuda e procedimentos formais. A categoria de autoajuda \u00e9 principalmente centrada em boas pr\u00e1ticas de cuidados com os cabelos. Trata-se de adotar penteados mais suaves, evitando mais danos aos seus fios. Isso significa usar as escovas e pentes certos para garantir que voc\u00ea n\u00e3o puxe e arranque o cabelo. Trata-se de reduzir o uso de ferramentas de modelagem t\u00e9rmica e produtos capilares agressivos para dar ao seu cabelo todas as chances de recupera\u00e7\u00e3o.<\/p>\n<p>Cuidar do couro cabeludo \u00e9 t\u00e3o importante quanto cuidar dos fios. Mant\u00ea-lo limpo e livre de coceira, vermelhid\u00e3o e irrita\u00e7\u00e3o \u00e9 vital para que seu cabelo volte a crescer forte. Lav\u00e1-lo com menos frequ\u00eancia pode ajudar com isso, e massagear suavemente em vez de esfregar tamb\u00e9m \u00e9 ben\u00e9fico. Uma massagem di\u00e1ria na cabe\u00e7a \u00e9 \u00f3tima para estimular o fluxo sangu\u00edneo para os fol\u00edculos pilosos e garantir que eles recebam os suprimentos necess\u00e1rios de oxig\u00eanio e nutrientes. Suplementos nutricionais tamb\u00e9m podem ajudar nisso. A biotina, o ferro e outras vitaminas podem ajudar a melhorar a sa\u00fade do cabelo e do couro cabeludo, mas consulte o seu m\u00e9dico antes de iniciar um tratamento com suplementos.<\/p>\n<p>Gerenciar seus n\u00edveis de estresse \u00e9 importante, e \u00e9 algo que os indiv\u00edduos fazem de maneiras diferentes. Pr\u00e1ticas de terapia, exerc\u00edcios, medita\u00e7\u00e3o e aten\u00e7\u00e3o plena podem contribuir para reduzir o estresse. Algumas pessoas acham que ler um livro ou trabalhar no jardim funciona para elas. Descubra o que funciona para voc\u00ea!<\/p>\n<p><strong>Procedimentos formais<\/strong> s\u00e3o para aqueles que desejam acelerar as coisas. Eles podem assumir a forma de medicamentos como finasterida e minoxidil; este \u00faltimo \u00e9 um vasodilatador que dilata os vasos sangu\u00edneos e aumenta o fluxo sangu\u00edneo para o couro cabeludo. A terapia com plasma rico em plaquetas (PRP) \u00e9 um procedimento n\u00e3o cir\u00fargico que usa fatores de crescimento do seu pr\u00f3prio sangue injetados no couro cabeludo para estimular o crescimento do cabelo. A mesoterapia \u00e9 outro tratamento n\u00e3o cir\u00fargico que atua de forma semelhante. Envolve a inje\u00e7\u00e3o de vitaminas, minerais e enzimas no couro cabeludo para nutrir os fol\u00edculos pilosos e estimular o crescimento do cabelo.<\/p>\n<p>A terapia a laser de baixo n\u00edvel (LLLT) \u00e9 uma forma de fototerapia que usa lasers de baixa pot\u00eancia ou diodos emissores de luz (LEDs) para emitir luz em comprimentos de onda espec\u00edficos para promover a cicatriza\u00e7\u00e3o, aumentar a regenera\u00e7\u00e3o dos tecidos e reduzir a inflama\u00e7\u00e3o. Ao estimular os processos celulares e aumentar o fluxo sangu\u00edneo, pode melhorar a taxa de crescimento do cabelo.<\/p>\n<h4>Conclus\u00e3o<\/h4>\n<p>A perda de cabelo p\u00f3s-Covid pode ser angustiante, principalmente se voc\u00ea n\u00e3o tem hist\u00f3rico de queda de cabelo. A \u00fanica boa not\u00edcia \u00e9 que essa condi\u00e7\u00e3o geralmente \u00e9 tempor\u00e1ria. Seguir as dicas descritas neste artigo ajudar\u00e1 a garantir que seu cabelo volte mais forte e saud\u00e1vel do que antes.<\/p>\n<p>Se voc\u00ea estiver interessado em algum dos tratamentos mencionados acima, entre em contato com a Vinci Hair Clinic. Somos l\u00edderes mundiais em restaura\u00e7\u00e3o capilar, e oferecemos uma avalia\u00e7\u00e3o gratuita e sem compromisso a todos os novos clientes. Entre em contato e marque sua avalia\u00e7\u00e3o hoje &#8211; temos cl\u00ednicas no mundo todo!<\/p>\n","protected":false},"excerpt":{"rendered":"<p>O Covid-19 n\u00e3o domina mais os notici\u00e1rios, felizmente, mas isso n\u00e3o significa que o v\u00edrus tenha desaparecido completamente. Ainda est\u00e1 entre n\u00f3s, mesmo que as taxas de infec\u00e7\u00e3o e hospitaliza\u00e7\u00f5es associadas \u00e0 doen\u00e7a continuem diminuindo em todo o mundo. Um efeito colateral desagrad\u00e1vel da doen\u00e7a ainda existe; a perda de cabelo p\u00f3s-Covid continua a causar [&hellip;]<\/p>\n","protected":false},"author":12,"featured_media":162420,"comment_status":"closed","ping_status":"closed","sticky":false,"template":"","format":"standard","meta":{"footnotes":""},"categories":[86],"tags":[],"class_list":["post-162427","post","type-post","status-publish","format-standard","has-post-thumbnail","hentry","category-vinci-hair-clinic-pt-br"],"_links":{"self":[{"href":"https:\/\/vincihairclinic.com\/pt-br\/wp-json\/wp\/v2\/posts\/162427","targetHints":{"allow":["GET"]}}],"collection":[{"href":"https:\/\/vincihairclinic.com\/pt-br\/wp-json\/wp\/v2\/posts"}],"about":[{"href":"https:\/\/vincihairclinic.com\/pt-br\/wp-json\/wp\/v2\/types\/post"}],"author":[{"embeddable":true,"href":"https:\/\/vincihairclinic.com\/pt-br\/wp-json\/wp\/v2\/users\/12"}],"replies":[{"embeddable":true,"href":"https:\/\/vincihairclinic.com\/pt-br\/wp-json\/wp\/v2\/comments?post=162427"}],"version-history":[{"count":1,"href":"https:\/\/vincihairclinic.com\/pt-br\/wp-json\/wp\/v2\/posts\/162427\/revisions"}],"predecessor-version":[{"id":208833,"href":"https:\/\/vincihairclinic.com\/pt-br\/wp-json\/wp\/v2\/posts\/162427\/revisions\/208833"}],"wp:featuredmedia":[{"embeddable":true,"href":"https:\/\/vincihairclinic.com\/pt-br\/wp-json\/wp\/v2\/media\/162420"}],"wp:attachment":[{"href":"https:\/\/vincihairclinic.com\/pt-br\/wp-json\/wp\/v2\/media?parent=162427"}],"wp:term":[{"taxonomy":"category","embeddable":true,"href":"https:\/\/vincihairclinic.com\/pt-br\/wp-json\/wp\/v2\/categories?post=162427"},{"taxonomy":"post_tag","embeddable":true,"href":"https:\/\/vincihairclinic.com\/pt-br\/wp-json\/wp\/v2\/tags?post=162427"}],"curies":[{"name":"wp","href":"https:\/\/api.w.org\/{rel}","templated":true}]}}