{"id":142396,"date":"2022-12-26T09:00:58","date_gmt":"2022-12-26T09:00:58","guid":{"rendered":"http:\/\/vincihairclinic.com\/?p=142396"},"modified":"2026-02-18T11:14:05","modified_gmt":"2026-02-18T11:14:05","slug":"existe-diferenca-entre-calvicie-e-queda-de-cabelo","status":"publish","type":"post","link":"https:\/\/vincihairclinic.com\/pt-br\/existe-diferenca-entre-calvicie-e-queda-de-cabelo\/","title":{"rendered":"Existe diferen\u00e7a entre calv\u00edcie e queda de cabelo?"},"content":{"rendered":"<p>A maioria de n\u00f3s sabe da sensa\u00e7\u00e3o. Voc\u00ea penteia cuidadosamente o cabelo pela manh\u00e3 apenas para sentir uma sensa\u00e7\u00e3o ruim ao ver a quantidade de fios de cabelo na escova ou no pente. Ou voc\u00ea fica no chuveiro enquanto a \u00e1gua escorre, olhando horrorizado para o tufo de cabelo no ralo, e l\u00e1 est\u00e1 ela de novo, aquela sensa\u00e7\u00e3o ruim no est\u00f4mago. A maioria das pessoas sabe que alguma queda di\u00e1ria de cabelo \u00e9 normal, mas o que \u00e9 \u2018normal&#8217;? Quando \u00e9 que voc\u00ea deve ficar alerta?<\/p>\n<p>Este artigo examinar\u00e1 de perto a diferen\u00e7a entre queda de cabelo e calv\u00edcie. Continue lendo para saber mais!<\/p>\n<h4>Queda de cabelo<\/h4>\n<p>Ok, vamos come\u00e7ar identificando exatamente como \u00e9 a apar\u00eancia da queda de cabelo \u201cnormal\u201d. A <a href=\"https:\/\/www.aad.org\/\" target=\"_blank\" rel=\"noopener\">Academia Americana de Dermatologistas<\/a> afirma que perdemos cerca de 50 a 100 cabelos diariamente como parte do ciclo de crescimento natural do cabelo. Isso varia dependendo da idade e sexo de um indiv\u00edduo. As mulheres tendem a perder at\u00e9 <a href=\"https:\/\/pubmed.ncbi.nlm.nih.gov\/29193553\/\" target=\"_blank\" rel=\"noopener\">40% mais cabelo<\/a> todos os dias por causa da tens\u00e3o que o penteado e a colora\u00e7\u00e3o colocam em seus fios. As mulheres tamb\u00e9m s\u00e3o mais propensas a perder cabelo devido a altera\u00e7\u00f5es hormonais. A gravidez e a menopausa, por exemplo, s\u00e3o eventos da vida que desencadeiam desequil\u00edbrios hormonais no corpo feminino.<\/p>\n<p>Se a queda de cabelo que voc\u00ea percebe parece estar dentro da faixa normal, voc\u00ea n\u00e3o precisa se preocupar. H\u00e1 algo como 80.000 a 150.000 cabelos na cabe\u00e7a de um indiv\u00edduo, cada um dos quais est\u00e1 em um est\u00e1gio diferente do ciclo de crescimento; o que voc\u00ea est\u00e1 vendo \u00e9 simplesmente o resultado do ciclo natural do cabelo.<\/p>\n<h4>O ciclo de crescimento<\/h4>\n<p>O ciclo de crescimento do cabelo \u00e9 dividido em tr\u00eas fases. O est\u00e1gio <strong>an\u00e1geno <\/strong>\u00e9 quando o cabelo cresce a uma taxa de cerca de 1 cm por m\u00eas. Aproximadamente <a href=\"https:\/\/www.ncbi.nlm.nih.gov\/pmc\/articles\/PMC5338843\/\" target=\"_blank\" rel=\"noopener\">90% do seu cabelo<\/a> est\u00e1 nessa fase em que tudo est\u00e1 funcionando normalmente. O pr\u00f3ximo est\u00e1gio \u00e9 a fase <strong>cat\u00e1gena<\/strong>. Essa fase dura duas ou tr\u00eas semanas, representa cerca de 1% ou 2% do seu cabelo e \u00e9 a fase em que o cabelo para de crescer. A terceira e \u00faltima fase \u00e9 chamada de fase <strong>tel\u00f3gena<\/strong>. Este \u00e9 o est\u00e1gio de repouso que ocorre antes que o cabelo caia de sua cabe\u00e7a. Pouco menos de 10% do seu cabelo est\u00e1 nesta fase a qualquer momento.<\/p>\n<p>O cabelo que cai como parte desse ciclo natural \u00e9 a queda de cabelo. A quantidade pode variar de tempos em tempos. Mencionamos que algumas rotinas de cuidados com os cabelos e desequil\u00edbrios hormonais podem causar queda de cabelo acima da m\u00e9dia. A idade e o estresse s\u00e3o outros fatores que podem nos fazer perder mais fios do que a m\u00e9dia. Se o cabelo que voc\u00ea perdeu estiver acima desses n\u00edveis e estiver resultando em um afinamento percept\u00edvel ou manchas calvas, pode ser calv\u00edcie.<\/p>\n<h4>Calv\u00edcie<\/h4>\n<p>A queda de cabelo n\u00e3o faz parte do ciclo natural do cabelo. \u00c9 o que acontece quando o ciclo \u00e9 interrompido de alguma forma. Se isso ocorrer durante o est\u00e1gio de crescimento, a perda de cabelo resultante \u00e9 conhecida como <a href=\"https:\/\/dermnetnz.org\/topics\/anagen-effluvium\" target=\"_blank\" rel=\"noopener\">efl\u00favio an\u00e1geno<\/a>. As principais causas deste tipo de queda de cabelo incluem infec\u00e7\u00f5es, medicamentos ou tratamentos medicamentosos (sendo a quimioterapia um excelente exemplo), toxinas e doen\u00e7as autoimunes, como alopecia areata.<\/p>\n<p>O <a href=\"https:\/\/www.alopecia.org.uk\/telogen-effluvium\" target=\"_blank\" rel=\"noopener\">efl\u00favio tel\u00f3geno<\/a> ocorre na outra extremidade do ciclo natural. Acontece quando mais de 10% do cabelo est\u00e1 na fase tel\u00f3gena, o que significa que uma propor\u00e7\u00e3o muito maior do que o normal cair\u00e1 nas pr\u00f3ximas semanas e meses. Esta condi\u00e7\u00e3o ocorre geralmente ap\u00f3s um choque, grande estresse ou doen\u00e7a. Acredita-se que a perda de cabelo p\u00f3s-Covid 19 e p\u00f3s-parto, por exemplo, sejam formas de efl\u00favio tel\u00f3geno.<\/p>\n<h4>Permanente ou tempor\u00e1ria?<\/h4>\n<p>O que a maioria das pessoas com queda de cabelo quer saber \u00e9 se \u00e9 permanente ou tempor\u00e1ria. A resposta depende. O efl\u00favio tel\u00f3geno geralmente \u00e9 tempor\u00e1rio. Embora seja uma condi\u00e7\u00e3o angustiante, \u00e9 prov\u00e1vel que seu cabelo volte a crescer dentro de alguns meses, uma vez que a fonte de sua doen\u00e7a ou estresse tenha desaparecido.<\/p>\n<p>As coisas n\u00e3o s\u00e3o t\u00e3o simples com o efl\u00favio an\u00e1geno. Algumas formas disso s\u00e3o tempor\u00e1rias; depois de terminar a quimioterapia, por exemplo, seu cabelo deve crescer novamente. Se voc\u00ea est\u00e1 com alopecia areata, no entanto, pode n\u00e3o ter tanta sorte. Pode ser o caso de tentar retardar ou controlar a queda de cabelo, em vez de esperar que o cabelo volte a crescer.<\/p>\n<h4>Conclus\u00e3o<\/h4>\n<p>Preocupar-se com a queda de cabelo \u00e9 um desperd\u00edcio de energia quando h\u00e1 uma alternativa dispon\u00edvel. Consulte um especialista no ramo de restaura\u00e7\u00e3o capilar para ficar mais tranquilo. Voc\u00ea pode descobrir que est\u00e1 se estressando desnecessariamente, mas se estiver com calv\u00edcie, estar\u00e1 preparado com o conhecimento necess\u00e1rio para resolver o problema.<\/p>\n<p>A Vinci Hair Clinic oferece uma consulta gratuita e sem compromisso a todos os nossos novos clientes. Isso pode ser feito pessoalmente em uma de nossas cl\u00ednicas ou por meio de fotos no WhatsApp. Basta entrar em contato e marcar sua consulta!<\/p>\n","protected":false},"excerpt":{"rendered":"<p>A maioria de n\u00f3s sabe da sensa\u00e7\u00e3o. Voc\u00ea penteia cuidadosamente o cabelo pela manh\u00e3 apenas para sentir uma sensa\u00e7\u00e3o ruim ao ver a quantidade de fios de cabelo na escova ou no pente. Ou voc\u00ea fica no chuveiro enquanto a \u00e1gua escorre, olhando horrorizado para o tufo de cabelo no ralo, e l\u00e1 est\u00e1 ela [&hellip;]<\/p>\n","protected":false},"author":12,"featured_media":142389,"comment_status":"closed","ping_status":"closed","sticky":false,"template":"","format":"standard","meta":{"footnotes":""},"categories":[86],"tags":[],"class_list":["post-142396","post","type-post","status-publish","format-standard","has-post-thumbnail","hentry","category-vinci-hair-clinic-pt-br"],"_links":{"self":[{"href":"https:\/\/vincihairclinic.com\/pt-br\/wp-json\/wp\/v2\/posts\/142396","targetHints":{"allow":["GET"]}}],"collection":[{"href":"https:\/\/vincihairclinic.com\/pt-br\/wp-json\/wp\/v2\/posts"}],"about":[{"href":"https:\/\/vincihairclinic.com\/pt-br\/wp-json\/wp\/v2\/types\/post"}],"author":[{"embeddable":true,"href":"https:\/\/vincihairclinic.com\/pt-br\/wp-json\/wp\/v2\/users\/12"}],"replies":[{"embeddable":true,"href":"https:\/\/vincihairclinic.com\/pt-br\/wp-json\/wp\/v2\/comments?post=142396"}],"version-history":[{"count":1,"href":"https:\/\/vincihairclinic.com\/pt-br\/wp-json\/wp\/v2\/posts\/142396\/revisions"}],"predecessor-version":[{"id":208854,"href":"https:\/\/vincihairclinic.com\/pt-br\/wp-json\/wp\/v2\/posts\/142396\/revisions\/208854"}],"wp:featuredmedia":[{"embeddable":true,"href":"https:\/\/vincihairclinic.com\/pt-br\/wp-json\/wp\/v2\/media\/142389"}],"wp:attachment":[{"href":"https:\/\/vincihairclinic.com\/pt-br\/wp-json\/wp\/v2\/media?parent=142396"}],"wp:term":[{"taxonomy":"category","embeddable":true,"href":"https:\/\/vincihairclinic.com\/pt-br\/wp-json\/wp\/v2\/categories?post=142396"},{"taxonomy":"post_tag","embeddable":true,"href":"https:\/\/vincihairclinic.com\/pt-br\/wp-json\/wp\/v2\/tags?post=142396"}],"curies":[{"name":"wp","href":"https:\/\/api.w.org\/{rel}","templated":true}]}}