{"id":91426,"date":"2022-02-18T09:00:44","date_gmt":"2022-02-18T09:00:44","guid":{"rendered":"http:\/\/vincihairclinic.com\/?p=91426"},"modified":"2026-02-18T11:02:15","modified_gmt":"2026-02-18T11:02:15","slug":"la-covid-19-provoque-t-elle-vraiment-des-pertes-de-cheveux","status":"publish","type":"post","link":"https:\/\/vincihairclinic.com\/fr\/la-covid-19-provoque-t-elle-vraiment-des-pertes-de-cheveux\/","title":{"rendered":"La COVID-19 provoque-t-elle vraiment des pertes de cheveux ?"},"content":{"rendered":"<p>\u00catre capable d\u2019identifier les sympt\u00f4mes du coronavirus est la premi\u00e8re \u00e9tape qui nous aide \u00e0 nous prot\u00e9ger. Lorsque nous pensons ressentir les sympt\u00f4mes d\u00e9crits, nous prenons des mesures de distanciation sociale avec nos proches et nous les prot\u00e9geons au cas o\u00f9 nous serions positifs au virus.<\/p>\n<p>Certaines personnes touch\u00e9es par le virus pr\u00e9tendent avoir subi des effets secondaires inattendus. En dehors des effets secondaires courants comme la perte d\u2019odorat, de go\u00fbt et une fatigue prolong\u00e9e, certains patients ont signal\u00e9 des sympt\u00f4mes post-COVID plut\u00f4t \u00e9tranges, notamment des pertes de cheveux.<\/p>\n<p>Les personnes infect\u00e9es par le virus, et sp\u00e9cifiquement par son variant Omicron, l\u2019ont rendu responsable de leurs pertes de cheveux. Selon un article du <a href=\"https:\/\/www.mirror.co.uk\/lifestyle\/health\/devastating-omicron-symptom-hair-only-25976973\" target=\"_blank\" rel=\"noopener\">Mirror<\/a>, ces sympt\u00f4mes sont apparus chez plusieurs patients, les faisant paniquer sur leur apparence. Mais, ce virus peut-il vraiment provoquer des pertes de cheveux ?<\/p>\n<h3>Existe-t-il une preuve que la Covid provoque des pertes de cheveux ?<\/h3>\n<p>Le centre m\u00e9dical de l\u2019universit\u00e9 de Hackensack a publi\u00e9 un article apr\u00e8s une \u00e9tude sur des patients atteints de la Covid et a d\u00e9couvert que de nombreuses personnes avaient subi des pertes de cheveux plus importantes apr\u00e8s avoir \u00e9t\u00e9 contamin\u00e9es. Les chercheurs ont conclu \u00a0que ces personnes avaient subi des pertes de cheveux pendant une p\u00e9riode allant de quelques semaines \u00e0 trois mois apr\u00e8s avoir \u00e9t\u00e9 infect\u00e9es par le virus.<\/p>\n<p>Paula Diaz, une patiente hospitalis\u00e9e durant six jours apr\u00e8s avoir eu le coronavirus, a partag\u00e9 son exp\u00e9rience\u00a0: \u00ab\u00a0Apr\u00e8s sortie de l\u2019h\u00f4pital, j\u2019ai commenc\u00e9 \u00e0 constater que mes cheveux tombaient par touffes enti\u00e8res, c\u2019\u00e9tait vraiment traumatisant.\u00a0\u00bb<\/p>\n<p>L\u2019institut britannique de trichologie, qui m\u00e8ne des recherches sur les maladies du cuir chevelu et les pertes de cheveux, a publi\u00e9 une \u00e9tude r\u00e9cente sur ces signalements. Il a d\u00e9couvert des preuves dans le monde entier \u00e9tablissant un lien entre la Covid-19 et des pertes de cheveux.<\/p>\n<p>\u00ab\u00a0Pr\u00e8s d\u2019un tiers (423) des 1 567 patients interrog\u00e9s a signal\u00e9 des pertes de cheveux plus importantes comme sympt\u00f4mes \u00e0 court terme de la Covid, selon une <a href=\"https:\/\/dig.abclocal.go.com\/wls\/documents\/2020\/072720-wls-covid-symptom-study-doc.pdf\" target=\"_blank\" rel=\"noopener\">\u00e9tude<\/a> men\u00e9e par l\u2019\u00e9cole de m\u00e9decine de l\u2019Universit\u00e9 de l\u2019Indiana.<\/p>\n<p>L\u2019\u00e9cole de m\u00e9decine de l\u2019Universit\u00e9 d\u2019U\u015fak (Turquie) a \u00e9galement signal\u00e9 une augmentation significative (33 %) du nombre de patients diagnostiqu\u00e9s avec une alop\u00e9cie (le terme m\u00e9dical qui d\u00e9crit les pertes de cheveux).\u00a0\u00bb<\/p>\n<h3>Quelles sont les raisons derri\u00e8re les pertes de cheveux li\u00e9es \u00e0 la Covid-19 ?<\/h3>\n<p>Les experts identifient deux raisons pour lesquelles la Covid-19 pourrait provoquer des pertes de cheveux\u00a0: l\u2019inflammation et le stress. L\u2019inflammation se produit parce que l\u2019organisme surr\u00e9agit lorsqu\u2019il combat le virus.<\/p>\n<p>La Covid provoque \u00e9galement du stress, un facteur majeur de pertes de cheveux. L\u2019acad\u00e9mie am\u00e9ricaine de dermatologie (AAD) consid\u00e8re que les pertes de cheveux sont un effet secondaire normal d\u2019une infection par un virus. L\u2019AAD indique aussi que la Covid-19 s\u2019accompagne g\u00e9n\u00e9ralement de fi\u00e8vre.<\/p>\n<p>\u00ab\u00a0Bien que beaucoup de personnes imaginent qu\u2019il s\u2019agit de pertes de cheveux, il faudrait plut\u00f4t parler de chutes de cheveux. La plupart des personnes constatent des chutes de cheveux dans les deux \u00e0 trois mois qui suivent une pouss\u00e9e de fi\u00e8vre ou une maladie. Le processus de chute des cheveux peut durer jusqu\u2019\u00e0 six ou neuf mois avant que la croissance capillaire ne revienne \u00e0 la normale.\u00a0\u00bb<\/p>\n<p>Le coronavirus stimule deux syndromes de perte de cheveux selon les experts. Le premier est l\u2019<a href=\"https:\/\/www.webmd.com\/connect-to-care\/hair-loss\/telogen-effluvium-symptoms-to-know-about\" target=\"_blank\" rel=\"noopener\">effluvium t\u00e9log\u00e8ne<\/a>. La phase t\u00e9log\u00e8ne est celle pendant laquelle nos cheveux chutent, et fait partie du cycle de croissance capillaire naturel. Environ 10 % des cheveux d\u2019une personne en bonne sant\u00e9 sont dans cette phase \u00e0 tout moment, ce qui provoque la chute d\u2019entre 50 et 100 cheveux par jour.<\/p>\n<p>Lorsque les cheveux passent en phase t\u00e9log\u00e8ne, pr\u00e8s de 50 % d\u2019entre eux tombent imm\u00e9diatement. Cette phase peut durer jusqu\u2019\u00e0 six mois, mais elle se prolonge parfois en cas de stress ou d\u2019autres facteurs.<\/p>\n<p>Le deuxi\u00e8me syndrome de pertes de cheveux stimul\u00e9es par la maladie est baptis\u00e9 <a href=\"https:\/\/www.webmd.com\/skin-problems-and-treatments\/guide\/alopecia-areata\" target=\"_blank\" rel=\"noopener\">alop\u00e9cie areata<\/a>. En raison de l\u2019inflammation, les follicules capillaires sont attaqu\u00e9s par le syst\u00e8me immunitaire. C\u2019est une maladie auto-immune qui ne n\u00e9cessite aucun traitement, bien que des injections de st\u00e9ro\u00efdes puissent en att\u00e9nuer les sympt\u00f4mes. Dans de rares cas, ces sympt\u00f4mes peuvent devenir permanents.<\/p>\n<h3>Que faire pour stopper les pertes de cheveux li\u00e9es \u00e0 la Covid-19 ?<\/h3>\n<p>Si vous ou un proche \u00eates contamin\u00e9 par le virus, la meilleure solution est de prendre conseil aupr\u00e8s d\u2019un expert (par exemple, un dermatologue) qui diagnostiquera le probl\u00e8me.<\/p>\n<p>Pour identifier des pertes de cheveux li\u00e9es au stress, il faudra en premier lieu \u00e9liminer d\u2019autres causes potentielles. Un simple test sanguin suffira \u00e0 votre dermatologue pour v\u00e9rifier si vous souffrez de carences nutritionnelles, d\u2019un probl\u00e8me thyro\u00efdien ou d\u2019autres facteurs \u00e0 l\u2019origine de vos pertes de cheveux.<\/p>\n<p>Il pourra ensuite vous prescrire des compl\u00e9ments alimentaires qui contiennent de la biotine, de la vitamine D et du fer pour lutter contre les pertes de cheveux mod\u00e9r\u00e9es et encourager la croissance capillaire. Un r\u00e9gime \u00e9quilibr\u00e9 et quelques m\u00e9dicaments permettront de r\u00e9duire rapidement le stress et l\u2019inflammation.<\/p>\n<h3>Conclusion<\/h3>\n<p>Les experts ont d\u00e9montr\u00e9 que les pertes de cheveux pouvaient \u00eatre une cons\u00e9quence de la contamination \u00e0 la Covid-19. Comme nous l\u2019avons vu ci-dessus, l\u2019augmentation du stress joue un r\u00f4le majeur dans l\u2019acc\u00e9l\u00e9ration des pertes de cheveux, mais une inflammation pourrait \u00e9galement en \u00eatre \u00e0 l\u2019origine. La premi\u00e8re \u00e9tape pour soigner vos pertes de cheveux consiste \u00e0 identifier leurs causes avec pr\u00e9cision.<\/p>\n<p>Pour vous soigner correctement, le moyen le plus rapide est de vous rendre chez un dermatologue ou un expert des cheveux. Vinci Hair Clinic offre une consultation gratuite \u00e0 l\u2019ensemble de nos clients\u00a0: \u00e9conomisez du temps et de l\u2019argent en prenant rendez-vous avec nos experts. Contactez-nous d\u00e8s aujourd\u2019hui, nos cliniques sont pr\u00e9sentes dans le monde entier\u00a0!<\/p>\n","protected":false},"excerpt":{"rendered":"<p>\u00catre capable d\u2019identifier les sympt\u00f4mes du coronavirus est la premi\u00e8re \u00e9tape qui nous aide \u00e0 nous prot\u00e9ger. Lorsque nous pensons ressentir les sympt\u00f4mes d\u00e9crits, nous prenons des mesures de distanciation sociale avec nos proches et nous les prot\u00e9geons au cas o\u00f9 nous serions positifs au virus. Certaines personnes touch\u00e9es par le virus pr\u00e9tendent avoir subi [&hellip;]<\/p>\n","protected":false},"author":12,"featured_media":91407,"comment_status":"closed","ping_status":"closed","sticky":false,"template":"","format":"standard","meta":{"footnotes":""},"categories":[85],"tags":[],"class_list":["post-91426","post","type-post","status-publish","format-standard","has-post-thumbnail","hentry","category-vinci-hair-clinic-fr"],"_links":{"self":[{"href":"https:\/\/vincihairclinic.com\/fr\/wp-json\/wp\/v2\/posts\/91426","targetHints":{"allow":["GET"]}}],"collection":[{"href":"https:\/\/vincihairclinic.com\/fr\/wp-json\/wp\/v2\/posts"}],"about":[{"href":"https:\/\/vincihairclinic.com\/fr\/wp-json\/wp\/v2\/types\/post"}],"author":[{"embeddable":true,"href":"https:\/\/vincihairclinic.com\/fr\/wp-json\/wp\/v2\/users\/12"}],"replies":[{"embeddable":true,"href":"https:\/\/vincihairclinic.com\/fr\/wp-json\/wp\/v2\/comments?post=91426"}],"version-history":[{"count":1,"href":"https:\/\/vincihairclinic.com\/fr\/wp-json\/wp\/v2\/posts\/91426\/revisions"}],"predecessor-version":[{"id":208453,"href":"https:\/\/vincihairclinic.com\/fr\/wp-json\/wp\/v2\/posts\/91426\/revisions\/208453"}],"wp:featuredmedia":[{"embeddable":true,"href":"https:\/\/vincihairclinic.com\/fr\/wp-json\/wp\/v2\/media\/91407"}],"wp:attachment":[{"href":"https:\/\/vincihairclinic.com\/fr\/wp-json\/wp\/v2\/media?parent=91426"}],"wp:term":[{"taxonomy":"category","embeddable":true,"href":"https:\/\/vincihairclinic.com\/fr\/wp-json\/wp\/v2\/categories?post=91426"},{"taxonomy":"post_tag","embeddable":true,"href":"https:\/\/vincihairclinic.com\/fr\/wp-json\/wp\/v2\/tags?post=91426"}],"curies":[{"name":"wp","href":"https:\/\/api.w.org\/{rel}","templated":true}]}}