{"id":206951,"date":"2026-01-06T09:00:14","date_gmt":"2026-01-06T09:00:14","guid":{"rendered":"https:\/\/vincihairclinic.com\/?p=206951"},"modified":"2026-02-18T11:31:39","modified_gmt":"2026-02-18T11:31:39","slug":"caida-del-cabello-despues-de-perder-peso-que-esta-pasando","status":"publish","type":"post","link":"https:\/\/vincihairclinic.com\/es\/caida-del-cabello-despues-de-perder-peso-que-esta-pasando\/","title":{"rendered":"Ca\u00edda del cabello despu\u00e9s de perder peso: \u00bfqu\u00e9 est\u00e1 pasando?"},"content":{"rendered":"<p><span data-contrast=\"auto\">Perder peso puede ser un gran logro para tu salud y tu confianza. Sin embargo, para algunas personas puede venir acompa\u00f1ado de un efecto secundario inesperado: la ca\u00edda del cabello.<\/span><span data-ccp-props=\"{&quot;201341983&quot;:0,&quot;335559731&quot;:708,&quot;335559740&quot;:276}\">\u00a0<\/span><\/p>\n<p><span data-contrast=\"auto\">Si has notado adelgazamiento en las sienes o una mayor ca\u00edda del cabello despu\u00e9s de perder peso, no lo est\u00e1s imaginando. La ca\u00edda del cabello tras la p\u00e9rdida de peso es un fen\u00f3meno documentado y com\u00fan, y puede resultar desconcertante despu\u00e9s de haber trabajado tanto para mejorar tu bienestar general.<\/span><span data-ccp-props=\"{&quot;201341983&quot;:0,&quot;335559731&quot;:708,&quot;335559740&quot;:276}\">\u00a0<\/span><\/p>\n<p><span data-contrast=\"auto\">Esta gu\u00eda explorar\u00e1 las razones detr\u00e1s de la ca\u00edda del cabello despu\u00e9s de perder peso, si es permanente y los pasos que puedes seguir para fomentar un recrecimiento saludable.<\/span><span data-ccp-props=\"{&quot;201341983&quot;:0,&quot;335559731&quot;:708,&quot;335559740&quot;:276}\">\u00a0<\/span><\/p>\n<h2><b><span data-contrast=\"auto\">\u00bfPor qu\u00e9 ocurre la ca\u00edda del cabello despu\u00e9s de perder peso?<\/span><\/b><span data-ccp-props=\"{&quot;201341983&quot;:0,&quot;335559740&quot;:276}\">\u00a0<\/span><\/h2>\n<p><span data-contrast=\"auto\">Cuando tu cuerpo experimenta cambios significativos o repentinos \u2014ya sea por una p\u00e9rdida de peso r\u00e1pida, dietas restrictivas o la recuperaci\u00f3n tras una cirug\u00eda\u2014 en algunos casos puede desencadenarse una condici\u00f3n llamada\u00a0<\/span><b><span data-contrast=\"auto\">efluvio tel\u00f3geno<\/span><\/b><span data-contrast=\"auto\">.<\/span><span data-ccp-props=\"{&quot;201341983&quot;:0,&quot;335559731&quot;:708,&quot;335559740&quot;:276}\">\u00a0<\/span><\/p>\n<p><span data-contrast=\"auto\">El efluvio tel\u00f3geno ocurre cuando un gran n\u00famero de fol\u00edculos pilosos entra de forma prematura en la fase de reposo, o fase \u201ctel\u00f3gena\u201d, del ciclo de crecimiento del cabello. Unos meses despu\u00e9s, estos cabellos en reposo comienzan a desprenderse al mismo tiempo, lo que provoca un adelgazamiento visible.<\/span><span data-ccp-props=\"{&quot;201341983&quot;:0,&quot;335559731&quot;:708,&quot;335559740&quot;:276}\">\u00a0<\/span><\/p>\n<p><span data-contrast=\"auto\">Entre los desencadenantes m\u00e1s comunes de la ca\u00edda del cabello relacionada con la p\u00e9rdida de peso se incluyen:<\/span><span data-ccp-props=\"{&quot;201341983&quot;:0,&quot;335559731&quot;:708,&quot;335559740&quot;:276}\">\u00a0<\/span><\/p>\n<ul>\n<li aria-setsize=\"-1\" data-leveltext=\"\uf0b7\" data-font=\"Symbol\" data-listid=\"1\" data-list-defn-props=\"{&quot;335552541&quot;:1,&quot;335559685&quot;:720,&quot;335559991&quot;:360,&quot;469769226&quot;:&quot;Symbol&quot;,&quot;469769242&quot;:[8226],&quot;469777803&quot;:&quot;left&quot;,&quot;469777804&quot;:&quot;\uf0b7&quot;,&quot;469777815&quot;:&quot;multilevel&quot;}\" data-aria-posinset=\"1\" data-aria-level=\"1\"><b><span data-contrast=\"auto\">Dietas extremas:<\/span><\/b><span data-contrast=\"auto\">\u00a0una restricci\u00f3n severa de calor\u00edas puede reducir los nutrientes disponibles para el crecimiento del cabello.<\/span><span data-ccp-props=\"{&quot;201341983&quot;:0,&quot;335559740&quot;:276}\">\u00a0<\/span><\/li>\n<\/ul>\n<ul>\n<li aria-setsize=\"-1\" data-leveltext=\"\uf0b7\" data-font=\"Symbol\" data-listid=\"1\" data-list-defn-props=\"{&quot;335552541&quot;:1,&quot;335559685&quot;:720,&quot;335559991&quot;:360,&quot;469769226&quot;:&quot;Symbol&quot;,&quot;469769242&quot;:[8226],&quot;469777803&quot;:&quot;left&quot;,&quot;469777804&quot;:&quot;\uf0b7&quot;,&quot;469777815&quot;:&quot;multilevel&quot;}\" data-aria-posinset=\"2\" data-aria-level=\"1\"><b><span data-contrast=\"auto\">Deficiencias nutricionales:<\/span><\/b><span data-contrast=\"auto\">\u00a0la falta de prote\u00ednas, hierro, zinc, biotina u otros nutrientes clave puede debilitar los fol\u00edculos pilosos.<\/span><span data-ccp-props=\"{&quot;201341983&quot;:0,&quot;335559740&quot;:276}\">\u00a0<\/span><\/li>\n<\/ul>\n<ul>\n<li aria-setsize=\"-1\" data-leveltext=\"\uf0b7\" data-font=\"Symbol\" data-listid=\"1\" data-list-defn-props=\"{&quot;335552541&quot;:1,&quot;335559685&quot;:720,&quot;335559991&quot;:360,&quot;469769226&quot;:&quot;Symbol&quot;,&quot;469769242&quot;:[8226],&quot;469777803&quot;:&quot;left&quot;,&quot;469777804&quot;:&quot;\uf0b7&quot;,&quot;469777815&quot;:&quot;multilevel&quot;}\" data-aria-posinset=\"3\" data-aria-level=\"1\"><b><span data-contrast=\"auto\">Estr\u00e9s f\u00edsico:<\/span><\/b><span data-contrast=\"auto\">\u00a0la p\u00e9rdida de peso r\u00e1pida o una cirug\u00eda pueden someter al cuerpo a un estr\u00e9s considerable.<\/span><span data-ccp-props=\"{&quot;201341983&quot;:0,&quot;335559740&quot;:276}\">\u00a0<\/span><\/li>\n<\/ul>\n<ul>\n<li aria-setsize=\"-1\" data-leveltext=\"\uf0b7\" data-font=\"Symbol\" data-listid=\"1\" data-list-defn-props=\"{&quot;335552541&quot;:1,&quot;335559685&quot;:720,&quot;335559991&quot;:360,&quot;469769226&quot;:&quot;Symbol&quot;,&quot;469769242&quot;:[8226],&quot;469777803&quot;:&quot;left&quot;,&quot;469777804&quot;:&quot;\uf0b7&quot;,&quot;469777815&quot;:&quot;multilevel&quot;}\" data-aria-posinset=\"4\" data-aria-level=\"1\"><b><span data-contrast=\"auto\">Cambios hormonales:<\/span><\/b><span data-contrast=\"auto\">\u00a0las variaciones en los niveles de grasa corporal pueden alterar el equilibrio hormonal, afectando al crecimiento capilar.<\/span><span data-ccp-props=\"{&quot;201341983&quot;:0,&quot;335559740&quot;:276}\">\u00a0<\/span><\/li>\n<\/ul>\n<h2><b><span data-contrast=\"auto\">\u00bfLa ca\u00edda del cabello despu\u00e9s de perder peso es permanente?<\/span><\/b><span data-ccp-props=\"{&quot;201341983&quot;:0,&quot;335559740&quot;:276}\">\u00a0<\/span><\/h2>\n<p><span data-contrast=\"auto\">Para la mayor\u00eda de las personas, no. La ca\u00edda causada por el efluvio tel\u00f3geno suele ser temporal, y el crecimiento del cabello se reanuda una vez que el cuerpo se ajusta y los niveles de nutrientes se estabilizan.<\/span><span data-ccp-props=\"{&quot;201341983&quot;:0,&quot;335559731&quot;:708,&quot;335559740&quot;:276}\">\u00a0<\/span><\/p>\n<p><span data-contrast=\"auto\">Sin embargo, si existen condiciones subyacentes de p\u00e9rdida de cabello \u2014como:<\/span><span data-ccp-props=\"{&quot;201341983&quot;:0,&quot;335559740&quot;:276}\">\u00a0<\/span><\/p>\n<ul>\n<li aria-setsize=\"-1\" data-leveltext=\"\uf0b7\" data-font=\"Symbol\" data-listid=\"2\" data-list-defn-props=\"{&quot;335552541&quot;:1,&quot;335559685&quot;:720,&quot;335559991&quot;:360,&quot;469769226&quot;:&quot;Symbol&quot;,&quot;469769242&quot;:[8226],&quot;469777803&quot;:&quot;left&quot;,&quot;469777804&quot;:&quot;\uf0b7&quot;,&quot;469777815&quot;:&quot;multilevel&quot;}\" data-aria-posinset=\"1\" data-aria-level=\"1\"><b><span data-contrast=\"auto\">Alopecia\u00a0androg\u00e9nica\u00a0femenina<\/span><\/b><span data-contrast=\"auto\">,<\/span><span data-ccp-props=\"{&quot;201341983&quot;:0,&quot;335559740&quot;:276}\">\u00a0<\/span><\/li>\n<\/ul>\n<ul>\n<li aria-setsize=\"-1\" data-leveltext=\"\uf0b7\" data-font=\"Symbol\" data-listid=\"2\" data-list-defn-props=\"{&quot;335552541&quot;:1,&quot;335559685&quot;:720,&quot;335559991&quot;:360,&quot;469769226&quot;:&quot;Symbol&quot;,&quot;469769242&quot;:[8226],&quot;469777803&quot;:&quot;left&quot;,&quot;469777804&quot;:&quot;\uf0b7&quot;,&quot;469777815&quot;:&quot;multilevel&quot;}\" data-aria-posinset=\"2\" data-aria-level=\"1\"><b><span data-contrast=\"auto\">Calvicie de patr\u00f3n masculino<\/span><\/b><span data-contrast=\"auto\">, o<\/span><span data-ccp-props=\"{&quot;201341983&quot;:0,&quot;335559740&quot;:276}\">\u00a0<\/span><\/li>\n<\/ul>\n<ul>\n<li aria-setsize=\"-1\" data-leveltext=\"\uf0b7\" data-font=\"Symbol\" data-listid=\"2\" data-list-defn-props=\"{&quot;335552541&quot;:1,&quot;335559685&quot;:720,&quot;335559991&quot;:360,&quot;469769226&quot;:&quot;Symbol&quot;,&quot;469769242&quot;:[8226],&quot;469777803&quot;:&quot;left&quot;,&quot;469777804&quot;:&quot;\uf0b7&quot;,&quot;469777815&quot;:&quot;multilevel&quot;}\" data-aria-posinset=\"3\" data-aria-level=\"1\"><b><span data-contrast=\"auto\">Trastornos autoinmunes<\/span><\/b><span data-contrast=\"auto\">\u00a0(por ejemplo, alopecia\u00a0areata)\u2014<\/span><span data-ccp-props=\"{&quot;201341983&quot;:0,&quot;335559740&quot;:276}\">\u00a0<\/span><\/li>\n<\/ul>\n<p><span data-contrast=\"auto\">la p\u00e9rdida de peso puede hacer que estas se vuelvan m\u00e1s evidentes.<\/span><br \/>\n<span data-contrast=\"auto\">Si tu cabello no empieza a recuperarse en un plazo de seis meses, o si notas entradas m\u00e1s marcadas, zonas sin cabello o un adelgazamiento persistente, es recomendable buscar el consejo de un profesional.<\/span><span data-ccp-props=\"{&quot;201341983&quot;:0,&quot;335559740&quot;:276}\">\u00a0<\/span><\/p>\n<h2><b><span data-contrast=\"auto\">Nutrientes esenciales para un cabello sano tras la p\u00e9rdida de peso<\/span><\/b><span data-ccp-props=\"{&quot;201341983&quot;:0,&quot;335559740&quot;:276}\">\u00a0<\/span><\/h2>\n<p><span data-contrast=\"auto\">Para que el cabello prospere, necesita nutrientes espec\u00edficos que pueden faltar despu\u00e9s de perder peso. Entre los componentes clave para la salud capilar se incluyen:<\/span><span data-ccp-props=\"{&quot;201341983&quot;:0,&quot;335559731&quot;:708,&quot;335559740&quot;:276}\">\u00a0<\/span><\/p>\n<ul>\n<li aria-setsize=\"-1\" data-leveltext=\"\uf0b7\" data-font=\"Symbol\" data-listid=\"3\" data-list-defn-props=\"{&quot;335552541&quot;:1,&quot;335559685&quot;:720,&quot;335559991&quot;:360,&quot;469769226&quot;:&quot;Symbol&quot;,&quot;469769242&quot;:[8226],&quot;469777803&quot;:&quot;left&quot;,&quot;469777804&quot;:&quot;\uf0b7&quot;,&quot;469777815&quot;:&quot;multilevel&quot;}\" data-aria-posinset=\"1\" data-aria-level=\"1\"><b><span data-contrast=\"auto\">Prote\u00ednas:<\/span><\/b><span data-contrast=\"auto\">\u00a0necesarias para producir queratina, la principal prote\u00edna estructural del cabello.<\/span><span data-ccp-props=\"{&quot;201341983&quot;:0,&quot;335559740&quot;:276}\">\u00a0<\/span><\/li>\n<\/ul>\n<ul>\n<li aria-setsize=\"-1\" data-leveltext=\"\uf0b7\" data-font=\"Symbol\" data-listid=\"3\" data-list-defn-props=\"{&quot;335552541&quot;:1,&quot;335559685&quot;:720,&quot;335559991&quot;:360,&quot;469769226&quot;:&quot;Symbol&quot;,&quot;469769242&quot;:[8226],&quot;469777803&quot;:&quot;left&quot;,&quot;469777804&quot;:&quot;\uf0b7&quot;,&quot;469777815&quot;:&quot;multilevel&quot;}\" data-aria-posinset=\"2\" data-aria-level=\"1\"><b><span data-contrast=\"auto\">Hierro:<\/span><\/b><span data-contrast=\"auto\">\u00a0garantiza una adecuada circulaci\u00f3n sangu\u00ednea hacia el cuero cabelludo.<\/span><span data-ccp-props=\"{&quot;201341983&quot;:0,&quot;335559740&quot;:276}\">\u00a0<\/span><\/li>\n<\/ul>\n<ul>\n<li aria-setsize=\"-1\" data-leveltext=\"\uf0b7\" data-font=\"Symbol\" data-listid=\"3\" data-list-defn-props=\"{&quot;335552541&quot;:1,&quot;335559685&quot;:720,&quot;335559991&quot;:360,&quot;469769226&quot;:&quot;Symbol&quot;,&quot;469769242&quot;:[8226],&quot;469777803&quot;:&quot;left&quot;,&quot;469777804&quot;:&quot;\uf0b7&quot;,&quot;469777815&quot;:&quot;multilevel&quot;}\" data-aria-posinset=\"3\" data-aria-level=\"1\"><b><span data-contrast=\"auto\">Zinc:<\/span><\/b><span data-contrast=\"auto\">\u00a0favorece la reparaci\u00f3n de los tejidos y la salud de los fol\u00edculos.<\/span><span data-ccp-props=\"{&quot;201341983&quot;:0,&quot;335559740&quot;:276}\">\u00a0<\/span><\/li>\n<\/ul>\n<ul>\n<li aria-setsize=\"-1\" data-leveltext=\"\uf0b7\" data-font=\"Symbol\" data-listid=\"3\" data-list-defn-props=\"{&quot;335552541&quot;:1,&quot;335559685&quot;:720,&quot;335559991&quot;:360,&quot;469769226&quot;:&quot;Symbol&quot;,&quot;469769242&quot;:[8226],&quot;469777803&quot;:&quot;left&quot;,&quot;469777804&quot;:&quot;\uf0b7&quot;,&quot;469777815&quot;:&quot;multilevel&quot;}\" data-aria-posinset=\"4\" data-aria-level=\"1\"><b><span data-contrast=\"auto\">Biotina (vitamina B7):<\/span><\/b><span data-contrast=\"auto\">\u00a0ayuda a fortalecer las fibras capilares.<\/span><span data-ccp-props=\"{&quot;201341983&quot;:0,&quot;335559740&quot;:276}\">\u00a0<\/span><\/li>\n<\/ul>\n<ul>\n<li aria-setsize=\"-1\" data-leveltext=\"\uf0b7\" data-font=\"Symbol\" data-listid=\"3\" data-list-defn-props=\"{&quot;335552541&quot;:1,&quot;335559685&quot;:720,&quot;335559991&quot;:360,&quot;469769226&quot;:&quot;Symbol&quot;,&quot;469769242&quot;:[8226],&quot;469777803&quot;:&quot;left&quot;,&quot;469777804&quot;:&quot;\uf0b7&quot;,&quot;469777815&quot;:&quot;multilevel&quot;}\" data-aria-posinset=\"5\" data-aria-level=\"1\"><b><span data-contrast=\"auto\">Vitamina D:<\/span><\/b><span data-contrast=\"auto\">\u00a0promueve un ciclo saludable del fol\u00edculo y mejora la salud del cuero cabelludo.<\/span><span data-ccp-props=\"{&quot;201341983&quot;:0,&quot;335559740&quot;:276}\">\u00a0<\/span><\/li>\n<\/ul>\n<p><span data-contrast=\"auto\">Mejorar tu alimentaci\u00f3n o a\u00f1adir suplementos espec\u00edficos puede aportar los elementos necesarios para estimular el recrecimiento del cabello.<\/span><span data-ccp-props=\"{&quot;201341983&quot;:0,&quot;335559731&quot;:708,&quot;335559740&quot;:276}\">\u00a0<\/span><\/p>\n<h2><b><span data-contrast=\"auto\">Apoyo para la recuperaci\u00f3n capilar en Vinci\u00a0Hair\u00a0Clinic<\/span><\/b><span data-ccp-props=\"{&quot;201341983&quot;:0,&quot;335559740&quot;:276}\">\u00a0<\/span><\/h2>\n<p><span data-contrast=\"auto\">En Vinci\u00a0Hair\u00a0Clinic\u00a0entendemos lo angustiante que puede ser la ca\u00edda del cabello, especialmente despu\u00e9s de alcanzar un objetivo como la p\u00e9rdida de peso. Por eso ofrecemos una gama de tratamientos con respaldo cl\u00ednico para estimular la regeneraci\u00f3n capilar y restaurar el volumen perdido, entre ellos:<\/span><span data-ccp-props=\"{&quot;201341983&quot;:0,&quot;335559731&quot;:708,&quot;335559740&quot;:276}\">\u00a0<\/span><\/p>\n<h3><b><span data-contrast=\"auto\">1. RC (Tratamiento de Regeneraci\u00f3n Celular)<\/span><\/b><span data-ccp-props=\"{&quot;201341983&quot;:0,&quot;335559740&quot;:276}\">\u00a0<\/span><\/h3>\n<p><span data-contrast=\"auto\">Un tratamiento natural y m\u00ednimamente invasivo que utiliza factores de crecimiento de tu propia sangre para estimular fol\u00edculos inactivos, promover el recrecimiento y mejorar la calidad del cabello, sin tiempo de recuperaci\u00f3n.<\/span><span data-ccp-props=\"{&quot;201341983&quot;:0,&quot;335559731&quot;:708,&quot;335559740&quot;:276}\">\u00a0<\/span><\/p>\n<h3><b><span data-contrast=\"auto\">2. Maxogaine (Minoxidil)<\/span><\/b><span data-ccp-props=\"{&quot;201341983&quot;:0,&quot;335559740&quot;:276}\">\u00a0<\/span><\/h3>\n<p><span data-contrast=\"auto\">Un tratamiento t\u00f3pico dise\u00f1ado para mejorar la circulaci\u00f3n del cuero cabelludo, fortalecer los fol\u00edculos pilosos y prolongar la fase natural de crecimiento.<\/span><span data-ccp-props=\"{&quot;201341983&quot;:0,&quot;335559731&quot;:708,&quot;335559740&quot;:276}\">\u00a0<\/span><\/p>\n<h3><b><span data-contrast=\"auto\">3. An\u00e1lisis de micronutrientes y planes nutricionales<\/span><\/b><span data-ccp-props=\"{&quot;201341983&quot;:0,&quot;335559740&quot;:276}\">\u00a0<\/span><\/h3>\n<p><span data-contrast=\"auto\">Comenzamos con un an\u00e1lisis detallado de tus niveles nutricionales para identificar posibles deficiencias y, a partir de ah\u00ed, crear planes de nutrici\u00f3n o suplementaci\u00f3n personalizados para mejorar la salud capilar y general.<\/span><span data-ccp-props=\"{&quot;201341983&quot;:0,&quot;335559731&quot;:708,&quot;335559740&quot;:276}\">\u00a0<\/span><\/p>\n<h3><b><span data-contrast=\"auto\">4. Trasplantes capilares FUE<\/span><\/b><span data-ccp-props=\"{&quot;201341983&quot;:0,&quot;335559740&quot;:276}\">\u00a0<\/span><\/h3>\n<p><span data-contrast=\"auto\">Para pacientes con patrones hereditarios de p\u00e9rdida de cabello desencadenados por la p\u00e9rdida de peso, nuestra t\u00e9cnica m\u00ednimamente invasiva de Extracci\u00f3n de Unidades Foliculares (FUE) ofrece resultados duraderos y naturales.<\/span><span data-ccp-props=\"{&quot;201341983&quot;:0,&quot;335559731&quot;:708,&quot;335559740&quot;:276}\">\u00a0<\/span><\/p>\n<h2><b><span data-contrast=\"auto\">Consejos para prevenir la ca\u00edda del cabello durante la p\u00e9rdida de peso<\/span><\/b><span data-ccp-props=\"{&quot;201341983&quot;:0,&quot;335559740&quot;:276}\">\u00a0<\/span><\/h2>\n<p><span data-contrast=\"auto\">Si est\u00e1s planeando perder peso \u2014o ya est\u00e1s en el proceso\u2014 estos pasos pueden ayudar a proteger la salud de tu cabello:<\/span><span data-ccp-props=\"{&quot;201341983&quot;:0,&quot;335559731&quot;:708,&quot;335559740&quot;:276}\">\u00a0<\/span><\/p>\n<ul>\n<li aria-setsize=\"-1\" data-leveltext=\"\uf0b7\" data-font=\"Symbol\" data-listid=\"4\" data-list-defn-props=\"{&quot;335552541&quot;:1,&quot;335559685&quot;:720,&quot;335559991&quot;:360,&quot;469769226&quot;:&quot;Symbol&quot;,&quot;469769242&quot;:[8226],&quot;469777803&quot;:&quot;left&quot;,&quot;469777804&quot;:&quot;\uf0b7&quot;,&quot;469777815&quot;:&quot;multilevel&quot;}\" data-aria-posinset=\"1\" data-aria-level=\"1\"><b><span data-contrast=\"auto\">Evita la p\u00e9rdida de peso r\u00e1pida:<\/span><\/b><span data-contrast=\"auto\">\u00a0los cambios bruscos tienen m\u00e1s probabilidades de afectar al cuerpo y provocar ca\u00edda.<\/span><span data-ccp-props=\"{&quot;201341983&quot;:0,&quot;335559740&quot;:276}\">\u00a0<\/span><\/li>\n<\/ul>\n<ul>\n<li aria-setsize=\"-1\" data-leveltext=\"\uf0b7\" data-font=\"Symbol\" data-listid=\"4\" data-list-defn-props=\"{&quot;335552541&quot;:1,&quot;335559685&quot;:720,&quot;335559991&quot;:360,&quot;469769226&quot;:&quot;Symbol&quot;,&quot;469769242&quot;:[8226],&quot;469777803&quot;:&quot;left&quot;,&quot;469777804&quot;:&quot;\uf0b7&quot;,&quot;469777815&quot;:&quot;multilevel&quot;}\" data-aria-posinset=\"2\" data-aria-level=\"1\"><b><span data-contrast=\"auto\">Mant\u00e9n una nutrici\u00f3n equilibrada:<\/span><\/b><span data-contrast=\"auto\">\u00a0aseg\u00farate de consumir suficientes prote\u00ednas, vitaminas y minerales.<\/span><span data-ccp-props=\"{&quot;201341983&quot;:0,&quot;335559740&quot;:276}\">\u00a0<\/span><\/li>\n<\/ul>\n<ul>\n<li aria-setsize=\"-1\" data-leveltext=\"\uf0b7\" data-font=\"Symbol\" data-listid=\"4\" data-list-defn-props=\"{&quot;335552541&quot;:1,&quot;335559685&quot;:720,&quot;335559991&quot;:360,&quot;469769226&quot;:&quot;Symbol&quot;,&quot;469769242&quot;:[8226],&quot;469777803&quot;:&quot;left&quot;,&quot;469777804&quot;:&quot;\uf0b7&quot;,&quot;469777815&quot;:&quot;multilevel&quot;}\" data-aria-posinset=\"3\" data-aria-level=\"1\"><b><span data-contrast=\"auto\">Gestiona el estr\u00e9s:<\/span><\/b><span data-contrast=\"auto\">\u00a0incorpora t\u00e9cnicas de relajaci\u00f3n como mindfulness o yoga para reducir la tensi\u00f3n f\u00edsica y emocional.<\/span><span data-ccp-props=\"{&quot;201341983&quot;:0,&quot;335559740&quot;:276}\">\u00a0<\/span><\/li>\n<\/ul>\n<ul>\n<li aria-setsize=\"-1\" data-leveltext=\"\uf0b7\" data-font=\"Symbol\" data-listid=\"4\" data-list-defn-props=\"{&quot;335552541&quot;:1,&quot;335559685&quot;:720,&quot;335559991&quot;:360,&quot;469769226&quot;:&quot;Symbol&quot;,&quot;469769242&quot;:[8226],&quot;469777803&quot;:&quot;left&quot;,&quot;469777804&quot;:&quot;\uf0b7&quot;,&quot;469777815&quot;:&quot;multilevel&quot;}\" data-aria-posinset=\"4\" data-aria-level=\"1\"><b><span data-contrast=\"auto\">Busca asesoramiento especializado:<\/span><\/b><span data-contrast=\"auto\">\u00a0si notas adelgazamiento capilar, consulta pronto con un tric\u00f3logo o especialista en restauraci\u00f3n capilar.<\/span><span data-ccp-props=\"{&quot;201341983&quot;:0,&quot;335559740&quot;:276}\">\u00a0<\/span><\/li>\n<\/ul>\n<h2><b><span data-contrast=\"auto\">Agenda una evaluaci\u00f3n capilar gratuita<\/span><\/b><span data-ccp-props=\"{&quot;201341983&quot;:0,&quot;335559740&quot;:276}\">\u00a0<\/span><\/h2>\n<p><span data-contrast=\"auto\">Si has experimentado ca\u00edda del cabello despu\u00e9s de perder peso, no est\u00e1s solo, y la buena noticia es que a menudo es reversible con el enfoque adecuado. En Vinci\u00a0Hair\u00a0Clinic, nuestro equipo de expertos puede ayudarte a identificar la causa y desarrollar un plan de tratamiento para favorecer un recrecimiento saludable y sostenible.<\/span><span data-ccp-props=\"{&quot;201341983&quot;:0,&quot;335559731&quot;:708,&quot;335559740&quot;:276}\">\u00a0<\/span><\/p>\n<p><span data-contrast=\"auto\">No lo dejes pasar: cuanto antes act\u00faes, mayores ser\u00e1n tus posibilidades de recuperar tu confianza y volver a lucir un cabello m\u00e1s sano y abundante.<\/span><span data-ccp-props=\"{&quot;201341983&quot;:0,&quot;335559731&quot;:708,&quot;335559740&quot;:276}\">\u00a0<\/span><\/p>\n","protected":false},"excerpt":{"rendered":"<p>Perder peso puede ser un gran logro para tu salud y tu confianza. Sin embargo, para algunas personas puede venir acompa\u00f1ado de un efecto secundario inesperado: la ca\u00edda del cabello.\u00a0 Si has notado adelgazamiento en las sienes o una mayor ca\u00edda del cabello despu\u00e9s de perder peso, no lo est\u00e1s imaginando. La ca\u00edda del cabello [&hellip;]<\/p>\n","protected":false},"author":12,"featured_media":206918,"comment_status":"closed","ping_status":"closed","sticky":false,"template":"","format":"standard","meta":{"footnotes":""},"categories":[87],"tags":[],"class_list":["post-206951","post","type-post","status-publish","format-standard","has-post-thumbnail","hentry","category-vinci-hair-clinic-es"],"_links":{"self":[{"href":"https:\/\/vincihairclinic.com\/es\/wp-json\/wp\/v2\/posts\/206951","targetHints":{"allow":["GET"]}}],"collection":[{"href":"https:\/\/vincihairclinic.com\/es\/wp-json\/wp\/v2\/posts"}],"about":[{"href":"https:\/\/vincihairclinic.com\/es\/wp-json\/wp\/v2\/types\/post"}],"author":[{"embeddable":true,"href":"https:\/\/vincihairclinic.com\/es\/wp-json\/wp\/v2\/users\/12"}],"replies":[{"embeddable":true,"href":"https:\/\/vincihairclinic.com\/es\/wp-json\/wp\/v2\/comments?post=206951"}],"version-history":[{"count":1,"href":"https:\/\/vincihairclinic.com\/es\/wp-json\/wp\/v2\/posts\/206951\/revisions"}],"predecessor-version":[{"id":206952,"href":"https:\/\/vincihairclinic.com\/es\/wp-json\/wp\/v2\/posts\/206951\/revisions\/206952"}],"wp:featuredmedia":[{"embeddable":true,"href":"https:\/\/vincihairclinic.com\/es\/wp-json\/wp\/v2\/media\/206918"}],"wp:attachment":[{"href":"https:\/\/vincihairclinic.com\/es\/wp-json\/wp\/v2\/media?parent=206951"}],"wp:term":[{"taxonomy":"category","embeddable":true,"href":"https:\/\/vincihairclinic.com\/es\/wp-json\/wp\/v2\/categories?post=206951"},{"taxonomy":"post_tag","embeddable":true,"href":"https:\/\/vincihairclinic.com\/es\/wp-json\/wp\/v2\/tags?post=206951"}],"curies":[{"name":"wp","href":"https:\/\/api.w.org\/{rel}","templated":true}]}}