{"id":189748,"date":"2023-08-16T09:00:12","date_gmt":"2023-08-16T13:00:12","guid":{"rendered":"http:\/\/vincihairclinic.com\/?p=189748"},"modified":"2023-08-16T07:08:56","modified_gmt":"2023-08-16T11:08:56","slug":"la-conexion-entre-la-caida-del-cabello-y-el-covid-19","status":"publish","type":"post","link":"https:\/\/vincihairclinic.com\/es\/la-conexion-entre-la-caida-del-cabello-y-el-covid-19\/","title":{"rendered":"La conexi\u00f3n entre la ca\u00edda del cabello y el Covid-19"},"content":{"rendered":"<p>La pandemia del COVID-19 ha afectado nuestras vidas de diversas formas, dejando a su paso consecuencias f\u00edsicas y emocionales. Si bien el virus afecta principalmente al sistema respiratorio, sus efectos se han extendido m\u00e1s all\u00e1 de eso, incluyendo una secuela inesperada: la p\u00e9rdida del cabello. Aunque la p\u00e9rdida del cabello puede ser angustiante, resulta esencial comprender la conexi\u00f3n entre el COVID-19 y la calvicie, e implementar estrategias efectivas para afrontar esa situaci\u00f3n. En este art\u00edculo exploraremos las posibles causas de la p\u00e9rdida del cabello relacionada con el COVID-19, y sugeriremos estrategias efectivas para sobrellevar esta situaci\u00f3n tan desafiante.<\/p>\n<h4>La conexi\u00f3n entre el COVID-19 y la p\u00e9rdida del cabello:<\/h4>\n<p>El COVID-19 es causado por el coronavirus del s\u00edndrome respiratorio agudo severo (SARS-CoV-2), y si bien afecta principalmente a los pulmones, el virus tambi\u00e9n puede causar inflamaci\u00f3n sist\u00e9mica, afectando a varios \u00f3rganos y sistemas del cuerpo, incluyendo los fol\u00edculos pilosos.<\/p>\n<ul>\n<li>Efluvio tel\u00f3geno: Uno de los tipos de p\u00e9rdida del cabello asociada al COVID-19 m\u00e1s comunes surge debido al estr\u00e9s significativo en el cuerpo, como el estr\u00e9s fisiol\u00f3gico causado por una infecci\u00f3n viral. Durante el efluvio tel\u00f3geno, m\u00e1s fol\u00edculos pilosos de lo habitual entran en la fase de reposo (o fase tel\u00f3gena), lo que conduce a una ca\u00edda excesiva del cabello. Por fortuna, el efluvio tel\u00f3geno suele ser temporal, y el crecimiento del cabello se reanuda una vez que el cuerpo se recupera del estr\u00e9s.<\/li>\n<li>Respuesta inmune: La p\u00e9rdida del cabello tambi\u00e9n puede ser desencadenada por la respuesta inmunitaria del cuerpo frente al virus. El COVID-19 estimula al sistema inmunitario a intensificarse, lo que puede resultar en una afecci\u00f3n llamada alopecia areata. En este trastorno autoinmunitario, el sistema inmune ataca a los fol\u00edculos pilosos por error, causando una p\u00e9rdida del cabello en forma de parches.<\/li>\n<li>Deficiencias nutricionales: La pandemia ha afectado a muchos aspectos de nuestras vidas, incluyendo los h\u00e1bitos alimenticios. Algunas personas experimentaron deficiencias nutricionales debido a las dietas inadecuadas que siguieron durante los confinamientos o cuarentenas. La falta de nutrientes esenciales puede contribuir a la p\u00e9rdida de cabello, empeorando problemas de salud capilar previamente existentes.<\/li>\n<li>Medicamentos: Adem\u00e1s de las deficiencias nutricionales, algunos medicamentos que se prescriben durante el tratamiento del COVID-19 pueden generar p\u00e9rdida del cabello como efecto secundario.<\/li>\n<li>Estr\u00e9s psicol\u00f3gico: Para muchas personas, el COVID-19 ha generado niveles de estr\u00e9s y ansiedad sin precedentes. El estr\u00e9s prolongado puede interrumpir el ciclo normal de crecimiento del cabello y contribuir a su ca\u00edda.<\/li>\n<\/ul>\n<h4>Estrategias para afrontar la p\u00e9rdida del cabello inducida por el COVID-19:<\/h4>\n<p>Si bien enfrentar la p\u00e9rdida del cabello durante una pandemia puede ser angustiante, hay varias estrategias que pueden ayudarnos a sobrellevar este per\u00edodo tan desafiante, estimulando el crecimiento del cabello:<\/p>\n<ul>\n<li>Buscar asesoramiento profesional: Si experimentas una ca\u00edda excesiva del cabello o notas \u00e1reas calvas en tu cuero cabelludo, consulta a un dermat\u00f3logo o a un especialista capilar. En Vinci Hair Clinic podemos diagnosticar la causa subyacente de la p\u00e9rdida del cabello, y recomendar tratamientos adecuados o cambios en el estilo de vida.<\/li>\n<li>Darle prioridad a la nutrici\u00f3n: Mantener una dieta equilibrada es crucial para nuestra salud general, lo que incluye la salud del cabello. Aseg\u00farate de incluir en tu dieta una variedad de alimentos ricos en nutrientes, como frutas, verduras, prote\u00ednas magras y grasas saludables. Considera la posibilidad de incorporar suplementos como la l\u00ednea Vinci Vitruvian, para asegurarte de que tu cuerpo reciba toda la gama de nutrientes necesarios para producir un cabello saludable.<\/li>\n<li>Controlar el estr\u00e9s: Buscar formas saludables de manejar el estr\u00e9s puede ser beneficioso tanto para tu bienestar mental como para la salud de tu cabello. Practica ejercicio regular, aseg\u00farate de dormir lo suficiente, y utiliza t\u00e9cnicas de relajaci\u00f3n como la meditaci\u00f3n, el yoga, ejercicios de respiraci\u00f3n profunda o aficiones que te brinden alegr\u00eda.<\/li>\n<li>Ten cuidado al arreglarte: Mientras esperas que tu cabello se recupere, trata de minimizar las pr\u00e1cticas de peinado que podr\u00edan da\u00f1arlo a\u00fan m\u00e1s. Evita el uso de herramientas t\u00e9rmicas, peinados ajustados o tratamientos qu\u00edmicos agresivos.<\/li>\n<li>Mantente hidratado: La hidrataci\u00f3n es esencial para un crecimiento saludable del cabello. Bebe suficiente agua durante todo el d\u00eda, para mantener niveles adecuados de hidrataci\u00f3n.<\/li>\n<li>Apoyo psicol\u00f3gico: Participa en asesor\u00edas o grupos de apoyo, para abordar el impacto emocional que puede tener la p\u00e9rdida del cabello y aumentar la confianza en ti mismo.<\/li>\n<li>Explora opciones de restauraci\u00f3n capilar: Considera tratamientos no quir\u00fargicos, como soluciones t\u00f3picas, terapia con l\u00e1ser o terapia de regeneraci\u00f3n celular (RC) para estimular el crecimiento del cabello.<\/li>\n<li>Ten paciencia: El crecimiento del cabello lleva tiempo, sobre todo si la causa subyacente est\u00e1 relacionada con el estr\u00e9s o con las deficiencias nutricionales inducidas por el COVID-19. S\u00e9 paciente con tu cabello y conc\u00e9ntrate en estimular su recuperaci\u00f3n.<\/li>\n<li>Considera opciones de restauraci\u00f3n capilar: Si est\u00e1s lidiando con la p\u00e9rdida del cabello y deseas explorar soluciones m\u00e1s permanentes, puedes considerar opciones de restauraci\u00f3n como un trasplante capilar o una micropigmentaci\u00f3n capilar. Vinci Hair Clinic te ofrece ese tipo de tratamientos de restauraci\u00f3n capilar avanzados, que pueden ayudarte a recuperar el aspecto natural de tu cabello.<\/li>\n<\/ul>\n<p>&nbsp;<\/p>\n<p>Ciertamente, la p\u00e9rdida del cabello puede ser un efecto inesperado y angustiante de la pandemia del COVID-19. Comprender la conexi\u00f3n entre ambas, y aplicar estrategias efectivas para afrontarla, resulta crucial para manejar el problema. Recuerda que la p\u00e9rdida del cabello causada por COVID-19 suele ser temporal, y con el cuidado adecuado y la debida orientaci\u00f3n profesional, tu cabello puede recuperar su belleza natural. Si est\u00e1s considerando soluciones m\u00e1s permanentes, ponte en contacto con cl\u00ednicas de restauraci\u00f3n capilar de buena reputaci\u00f3n, como Vinci Hair Clinic, para que recibas un asesoramiento personalizado y explores las diferentes opciones de tratamiento. Somos una de las principales empresas de restauraci\u00f3n capilar del mundo, y estamos para ayudarte. Les ofrecemos una consulta gratuita y sin compromiso a todos nuestros clientes nuevos. As\u00ed que mant\u00e9n tu optimismo, mantente informado y d\u00e9janos ayudarte a cuidar tu bienestar en estos tiempos desafiantes. \u00a1Ponte en contacto con nosotros hoy mismo para que reserves tu cita!<\/p>\n","protected":false},"excerpt":{"rendered":"<p>La pandemia del COVID-19 ha afectado nuestras vidas de diversas formas, dejando a su paso consecuencias f\u00edsicas y emocionales. Si bien el virus afecta principalmente al sistema respiratorio, sus efectos se han extendido m\u00e1s all\u00e1 de eso, incluyendo una secuela inesperada: la p\u00e9rdida del cabello. Aunque la p\u00e9rdida del cabello puede ser angustiante, resulta esencial [&hellip;]<\/p>\n","protected":false},"author":2,"featured_media":189736,"comment_status":"closed","ping_status":"closed","sticky":false,"template":"","format":"standard","meta":{"footnotes":""},"categories":[87],"tags":[],"class_list":["post-189748","post","type-post","status-publish","format-standard","has-post-thumbnail","hentry","category-vinci-hair-clinic-es"],"_links":{"self":[{"href":"https:\/\/vincihairclinic.com\/es\/wp-json\/wp\/v2\/posts\/189748","targetHints":{"allow":["GET"]}}],"collection":[{"href":"https:\/\/vincihairclinic.com\/es\/wp-json\/wp\/v2\/posts"}],"about":[{"href":"https:\/\/vincihairclinic.com\/es\/wp-json\/wp\/v2\/types\/post"}],"author":[{"embeddable":true,"href":"https:\/\/vincihairclinic.com\/es\/wp-json\/wp\/v2\/users\/2"}],"replies":[{"embeddable":true,"href":"https:\/\/vincihairclinic.com\/es\/wp-json\/wp\/v2\/comments?post=189748"}],"version-history":[{"count":0,"href":"https:\/\/vincihairclinic.com\/es\/wp-json\/wp\/v2\/posts\/189748\/revisions"}],"wp:featuredmedia":[{"embeddable":true,"href":"https:\/\/vincihairclinic.com\/es\/wp-json\/wp\/v2\/media\/189736"}],"wp:attachment":[{"href":"https:\/\/vincihairclinic.com\/es\/wp-json\/wp\/v2\/media?parent=189748"}],"wp:term":[{"taxonomy":"category","embeddable":true,"href":"https:\/\/vincihairclinic.com\/es\/wp-json\/wp\/v2\/categories?post=189748"},{"taxonomy":"post_tag","embeddable":true,"href":"https:\/\/vincihairclinic.com\/es\/wp-json\/wp\/v2\/tags?post=189748"}],"curies":[{"name":"wp","href":"https:\/\/api.w.org\/{rel}","templated":true}]}}