{"id":173315,"date":"2023-06-19T09:00:54","date_gmt":"2023-06-19T13:00:54","guid":{"rendered":"http:\/\/vincihairclinic.com\/?p=173315"},"modified":"2023-06-19T06:02:12","modified_gmt":"2023-06-19T10:02:12","slug":"cuales-son-las-causas-mas-insolitas-de-la-caida-del-cabello","status":"publish","type":"post","link":"https:\/\/vincihairclinic.com\/es\/cuales-son-las-causas-mas-insolitas-de-la-caida-del-cabello\/","title":{"rendered":"\u00bfCu\u00e1les son las causas m\u00e1s ins\u00f3litas de la ca\u00edda del cabello?"},"content":{"rendered":"<p>Millones de personas se ven afectadas por la ca\u00edda del cabello en todo el mundo. Y todos sabemos cu\u00e1les son las causas de esa enfermedad: la gen\u00e9tica, los cambios hormonales o ciertos problemas de salud. A veces puede ser una combinaci\u00f3n de varios factores, pero creemos que b\u00e1sicamente son esas las causas; y ah\u00ed se termina la historia. Pero la verdad es que la historia no termina ah\u00ed. Hay factores m\u00e1s inusuales que tambi\u00e9n pueden contribuir a la ca\u00edda o el debilitamiento del cabello. En este art\u00edculo vamos a analizar algunas de las causas m\u00e1s inesperadas. Arrojaremos luz sobre los desencadenantes menos conocidos, as\u00ed que podr\u00edas sorprenderte.<\/p>\n<p>\u00bfTe interesa? Sigue leyendo para que descubras m\u00e1s.<\/p>\n<h4>Estr\u00e9s emocional<\/h4>\n<p>La primera causa inusual de la que vamos a hablar es el <strong>estr\u00e9s emocional<\/strong>. Tal vez ya hayas o\u00eddo que el estr\u00e9s puede afectar a nuestra salud, \u00bfpero sab\u00edas que tambi\u00e9n puede tener serias repercusiones sobre nuestro cabello? El estr\u00e9s emocional, causado por la p\u00e9rdida de un ser querido, un evento traum\u00e1tico o la ansiedad cr\u00f3nica, puede provocar una afecci\u00f3n conocida como <a href=\"https:\/\/www.bad.org.uk\/pils\/telogen-effluvium\/\" target=\"_blank\" rel=\"noopener\">efluvio tel\u00f3geno<\/a>. Esta condici\u00f3n hace que m\u00e1s fol\u00edculos pilosos entren a la fase tel\u00f3gena o de ca\u00edda, haciendo que el pelo empiece a caerse, unos tres meses despu\u00e9s del evento desencadenante.<\/p>\n<p>La ca\u00edda del cabello relacionada con el estr\u00e9s puede ser especialmente molesta, ya que crea un ciclo de ansiedad y timidez. Para mitigarlo, es importante darle prioridad al cuidado personal, realizar actividades que reduzcan el estr\u00e9s y buscar apoyo profesional o de nuestros seres queridos, para controlar el estr\u00e9s subyacente y favorecer el crecimiento del cabello. La buena noticia es que la ca\u00edda del cabello causada por el estr\u00e9s emocional suele revertirse una vez eliminado el estr\u00e9s subyacente.<\/p>\n<h4>H\u00e1bitos nocivos<\/h4>\n<p>Pocas personas son conscientes del da\u00f1o que ciertos <strong>h\u00e1bitos de cuidado capilar <\/strong>le pueden causar al cabello. Aunque es habitual utilizar herramientas y productos de peinado para poder llevar un look en espec\u00edfico, el calor excesivo, los tratamientos qu\u00edmicos y los peinados estirados pueden pasarle factura a nuestro cabello. El uso excesivo de planchas, rizadores y secadores puede da\u00f1ar el tallo capilar y provocar roturas y debilitamiento. Los utensilios que trabajan con calor s\u00f3lo se deben usar de forma selectiva, e incluso en esos casos, debemos usar aerosoles que nos resguarden del calor, creando una barrera protectora.<\/p>\n<p>Los tratamientos qu\u00edmicos, como los alisadores, los tintes y las permanentes, tambi\u00e9n pueden debilitar el cabello y ponerlo quebradizo. Por eso hay que evitar superponer tratamientos, y dejar que el pelo se recupere entre un tratamiento y otro. Las alternativas m\u00e1s suaves, como los tintes naturales o sin amoniaco, tambi\u00e9n pueden reducir el riesgo de que se produzcan da\u00f1os.<\/p>\n<p>Adem\u00e1s, los peinados muy estirados, como las trenzas, las coletas o los mo\u00f1os, pueden provocar una afecci\u00f3n llamada <a href=\"https:\/\/www.healthline.com\/health\/traction-alopecia\" target=\"_blank\" rel=\"noopener\">alopecia por tracci\u00f3n<\/a>, en la que se produce la ca\u00edda del cabello debido a la tensi\u00f3n constante sobre los fol\u00edculos pilosos. Para prevenir este tipo de da\u00f1os, se recomienda dejar que el cabello descanse de los peinados estirados, utilizar ligas suaves y evitar los jalones excesivos.<\/p>\n<h4>Deficiencias nutricionales<\/h4>\n<p>Para mantener una cabellera sana, es crucial seguir una dieta adecuada. Las deficiencias nutricionales pueden contribuir a la ca\u00edda del cabello, sobre todo cuando falta hierro, zinc, vitamina D o biotina. El hierro es esencial para el transporte de ox\u00edgeno a los fol\u00edculos pilosos, mientras que el zinc favorece el crecimiento y la reparaci\u00f3n del cabello. La vitamina D tiene una importante funci\u00f3n en <a href=\"https:\/\/journals.physiology.org\/doi\/full\/10.1152\/physrev.2001.81.1.449#:~:text=The%20most%20important%20theme%20in,ability%20to%20completely%20regenerate%20itself.\" target=\"_blank\" rel=\"noopener\">el ciclo<\/a> del fol\u00edculo piloso, y la biotina ayuda a producir queratina, que es la principal prote\u00edna estructural del cabello.<\/p>\n<p>Para que tu cabello crezca sano, debes seguir una dieta equilibrada, rica en prote\u00ednas magras, frutas, verduras, cereales integrales y grasas saludables. Este tipo de alimentos aportan los nutrientes necesarios para mantener el cabello en perfectas condiciones. Si sospechas que tu p\u00e9rdida capilar puede deberse a alguna deficiencia nutricional, habla con tu m\u00e9dico para que te prescriba ex\u00e1menes y te oriente sobre los cambios que puedes hacer en tu dieta, o para que te sugiera suplementos de ser necesario.<\/p>\n<h4>Factores medioambientales<\/h4>\n<p>La exposici\u00f3n a la contaminaci\u00f3n atmosf\u00e9rica, el agua dura, el cloro de las piscinas, <a href=\"https:\/\/www.fda.gov\/radiation-emitting-products\/tanning\/ultraviolet-uv-radiation\" target=\"_blank\" rel=\"noopener\">la radiaci\u00f3n ultravioleta (UV)<\/a> y otros <strong>factores ambientales <\/strong>pueden contribuir a da\u00f1ar el cabello y provocar su ca\u00edda. Los contaminantes y las sustancias qu\u00edmicas presentes en el aire pueden acumularse en el cuero cabelludo, obstruir los fol\u00edculos pilosos e impedir el crecimiento sano del cabello.<\/p>\n<p>Para minimizar el impacto de los rayos UV, ponte una gorra o un sombrero, o utiliza productos capilares protectores cuando te vayas a exponer al sol. Lavarse el pelo regularmente con un champ\u00fa suave puede ayudar a eliminar los contaminantes acumulados, y a mantener el cuero cabelludo limpio. Tambi\u00e9n debemos enjuagarnos el pelo con agua limpia antes y despu\u00e9s de nadar, para mitigar los efectos del cloro o del agua salada.<\/p>\n<h4>Reflexiones finales<\/h4>\n<p>Estas causas inusuales de la ca\u00edda del cabello podr\u00edan sorprenderte, pero nos recuerdan que la salud de nuestro cabello puede verse afectada por una serie de factores que van m\u00e1s all\u00e1 de la gen\u00e9tica y las hormonas. Si conocemos esos posibles desencadenantes, podremos tomar decisiones informadas sobre nuestras rutinas de cuidado capilar, y adoptar medidas para mantener nuestro cabello sano.<\/p>\n<p>Recuerda que la prevenci\u00f3n y la intervenci\u00f3n precoz son fundamentales para poder controlar la ca\u00edda del pelo, as\u00ed que no dudes en visitar a un profesional si te preocupa el debilitamiento o la ca\u00edda excesiva de tu cabello. En Vinci Hair Clinic les ofrecemos una consulta gratuita y sin compromiso a todos nuestros clientes nuevos. La consulta se puede realizar en persona, en una de nuestras numerosas cl\u00ednicas; o por tel\u00e9fono, mediante fotograf\u00edas. \u00a1Ponte en contacto con nosotros y reserva tu cita hoy mismo!<\/p>\n","protected":false},"excerpt":{"rendered":"<p>Millones de personas se ven afectadas por la ca\u00edda del cabello en todo el mundo. Y todos sabemos cu\u00e1les son las causas de esa enfermedad: la gen\u00e9tica, los cambios hormonales o ciertos problemas de salud. A veces puede ser una combinaci\u00f3n de varios factores, pero creemos que b\u00e1sicamente son esas las causas; y ah\u00ed se [&hellip;]<\/p>\n","protected":false},"author":2,"featured_media":173307,"comment_status":"closed","ping_status":"closed","sticky":false,"template":"","format":"standard","meta":{"footnotes":""},"categories":[87],"tags":[],"class_list":["post-173315","post","type-post","status-publish","format-standard","has-post-thumbnail","hentry","category-vinci-hair-clinic-es"],"_links":{"self":[{"href":"https:\/\/vincihairclinic.com\/es\/wp-json\/wp\/v2\/posts\/173315","targetHints":{"allow":["GET"]}}],"collection":[{"href":"https:\/\/vincihairclinic.com\/es\/wp-json\/wp\/v2\/posts"}],"about":[{"href":"https:\/\/vincihairclinic.com\/es\/wp-json\/wp\/v2\/types\/post"}],"author":[{"embeddable":true,"href":"https:\/\/vincihairclinic.com\/es\/wp-json\/wp\/v2\/users\/2"}],"replies":[{"embeddable":true,"href":"https:\/\/vincihairclinic.com\/es\/wp-json\/wp\/v2\/comments?post=173315"}],"version-history":[{"count":0,"href":"https:\/\/vincihairclinic.com\/es\/wp-json\/wp\/v2\/posts\/173315\/revisions"}],"wp:featuredmedia":[{"embeddable":true,"href":"https:\/\/vincihairclinic.com\/es\/wp-json\/wp\/v2\/media\/173307"}],"wp:attachment":[{"href":"https:\/\/vincihairclinic.com\/es\/wp-json\/wp\/v2\/media?parent=173315"}],"wp:term":[{"taxonomy":"category","embeddable":true,"href":"https:\/\/vincihairclinic.com\/es\/wp-json\/wp\/v2\/categories?post=173315"},{"taxonomy":"post_tag","embeddable":true,"href":"https:\/\/vincihairclinic.com\/es\/wp-json\/wp\/v2\/tags?post=173315"}],"curies":[{"name":"wp","href":"https:\/\/api.w.org\/{rel}","templated":true}]}}