{"id":172796,"date":"2023-05-12T09:00:09","date_gmt":"2023-05-12T13:00:09","guid":{"rendered":"http:\/\/vincihairclinic.com\/?p=172796"},"modified":"2026-02-18T11:19:49","modified_gmt":"2026-02-18T11:19:49","slug":"cuando-el-miedo-a-la-caida-del-cabello-se-apodera-de-tu-mente","status":"publish","type":"post","link":"https:\/\/vincihairclinic.com\/es\/cuando-el-miedo-a-la-caida-del-cabello-se-apodera-de-tu-mente\/","title":{"rendered":"Cuando el miedo a la ca\u00edda del cabello se apodera de tu mente"},"content":{"rendered":"<p>Recientemente, un destacado onc\u00f3logo y epidemi\u00f3logo del c\u00e1ncer estadounidense escribi\u00f3 <a href=\"https:\/\/jewishlink.news\/business-spotlight\" target=\"_blank\" rel=\"noopener\">un art\u00edculo<\/a> en el que afirmaba que \u00abel miedo a la alopecia lleva a algunas mujeres a rechazar la quimioterapia, o a elegir alternativas no \u00f3ptimas\u00bb. La mayor\u00eda de la gente se preocupa por la ca\u00edda del cabello en alg\u00fan momento de sus vidas, pero pocos dejar\u00edamos que ese miedo se apoderara de nosotros hasta el punto de poner en riesgo nuestra salud. Aunque ese buen doctor se haya enfocado en un ejemplo extremo de ansiedad causada por la calvicie, hay muchas otras variedades de esa ansiedad que est\u00e1n vivitas y coleando. Entonces, \u00bfel miedo a la ca\u00edda del cabello puede apoderarse de tu vida? \u00a1Termina de leer este art\u00edculo antes de que empieces a juzgar!<\/p>\n<h4>El espejo como enemigo<\/h4>\n<p>En primer lugar, abordemos el hecho de que la ca\u00edda del cabello es una parte natural de la vida. A casi todo el mundo se le cae el pelo en alg\u00fan momento de la vida, ya sea por gen\u00e9tica, por la edad, por cambios hormonales, enfermedad u otros factores. Cuando se produce, puede ser un duro golpe para nuestra confianza personal y para nuestra autoestima. Sin duda, el cabello es una parte muy importante de nuestra identidad, y cuando se nos empieza a caer, podemos sentir que nosotros mismos nos estamos cayendo con \u00e9l.<\/p>\n<p>Por eso muchos se revisan el pelo con cierta frecuencia, para ver si tienen las entradas m\u00e1s pronunciadas, o si su cabello est\u00e1 m\u00e1s fino que antes. Has pasado por eso, \u00bfverdad? Para algunas personas, sin embargo, esa ansiedad puede llegar a un nivel diferente. Algunos se preocupan tanto por la ca\u00edda del cabello, que pueden llegar a obsesionarse con el tema. Se revisan el pelo varias veces al d\u00eda, y siempre les preguntan a los dem\u00e1s si su cabello se ve bien. Este nivel de ansiedad incluso puede llevarnos a desarrollar comportamientos evitativos.<\/p>\n<p>Por ejemplo, algunas personas evitan nadar o realizar otras actividades en las que el pelo se les pueda mojar o despeinar. Tambi\u00e9n es posible que eviten las situaciones sociales en las que la ca\u00edda del cabello pueda ser m\u00e1s perceptible, como fiestas o eventos con mucha iluminaci\u00f3n. Una vez que se inicia el comportamiento evitativo, puede convertirse r\u00e1pidamente en aislamiento y retraimiento social, conduciendo a un aumento de las sensaciones de ansiedad y depresi\u00f3n.<\/p>\n<h4>Fobias<\/h4>\n<p>Hay ocasiones en las que el miedo a la ca\u00edda del cabello supera incluso este nivel de ansiedad, y se convierte en una verdadera fobia. <a href=\"https:\/\/www.mind.org.uk\/information-support\/types-of-mental-health-problems\/phobias\/about-phobias\/#:~:text=A%20phobia%20is%20a%20type,to%20go%20out%20on%20it.\" target=\"_blank\" rel=\"noopener\">Las fobias<\/a> relacionadas con la ca\u00edda del cabello son reales y a menudo debilitantes, y pueden afectar a muchas personas. Pueden llegar a ser tan graves que necesiten tratamiento m\u00e9dico. Veamos tres de las fobias m\u00e1s comunes relacionadas con la ca\u00edda del cabello:<\/p>\n<p><strong>La tricofobia <\/strong>es el miedo a perder o a quitarse el pelo, y puede manifestarse de diversas formas. Por ejemplo, algunas personas con tricofobia pueden tener miedo a usar peines o cepillos, mientras que otras evitan cortarse el pelo o incluso tocarse su propio cabello. Estos temores pueden ser tan graves que llegan a interferir en la vida cotidiana, causando mucha angustia y preocupaci\u00f3n.<\/p>\n<p><strong>La falacrofobia <\/strong>es el miedo a quedarse calvo. Puede darse en personas que no muestran signos de alopecia y que tal vez nunca lleguen a desarrollarla. Pensar en la calvicie o enfrentarse a im\u00e1genes de calvicie (en anuncios, por ejemplo) puede bastar para desencadenar ansiedad y n\u00e1useas en las personas falacrof\u00f3bicas.<\/p>\n<p><strong>La peladofobia <\/strong>es como la falacrofobia, pero con un ligero matiz. Incluye el miedo a la calvicie, pero ese miedo tambi\u00e9n se extiende a los calvos de la vida real. Por supuesto, se trata de un miedo irracional, pero eso no impide que se apodere de las mentes de quienes lo padecen. Las personas que sufren peladofobia se ponen tensas cuando est\u00e1n en presencia de una persona calva, y hacen todo lo posible por evitar esos encuentros.<\/p>\n<h4>C\u00f3mo afrontar la ansiedad causada por la ca\u00edda del cabello<\/h4>\n<p>\u00bfQu\u00e9 puedes hacer si experimentas miedo y ansiedad por la ca\u00edda del cabello? En primer lugar, es importante que reconozcas que se trata de un problema real, que puede tener un impacto significativo en tu salud mental. No dejes que nadie te diga que es \u00absolamente es cabello\u00bb, o que es una tonter\u00eda que te preocupes tanto. Ten en cuenta que hoy en d\u00eda existen muchos tratamientos seguros y eficaces para combatir la ca\u00edda del cabello. En vez de perder tiempo y energ\u00eda preocup\u00e1ndote, \u00bfpor qu\u00e9 no revisas las opciones que tienes?<\/p>\n<p>Si tu miedo a la ca\u00edda del cabello ha llegado al punto de interferir en tu vida cotidiana, buscar la ayuda de un profesional de la salud mental puede ser buena idea. Un psic\u00f3logo podr\u00eda ayudarte a desarrollar estrategias de afrontamiento, y a trabajar los miedos e inseguridades subyacentes que provocan tu ansiedad. La <a href=\"https:\/\/www.mind.org.uk\/information-support\/drugs-and-treatments\/talking-therapy-and-counselling\/cognitive-behavioural-therapy-cbt\/#:~:text=Cognitive%20behavioural%20therapy%20(CBT)%20is,affect%20your%20feelings%20and%20actions.\" target=\"_blank\" rel=\"noopener\">terapia <\/a><a href=\"https:\/\/www.mind.org.uk\/information-support\/drugs-and-treatments\/talking-therapy-and-counselling\/cognitive-behavioural-therapy-cbt\/#:~:text=Cognitive%20behavioural%20therapy%20(CBT)%20is,affect%20your%20feelings%20and%20actions.\" target=\"_blank\" rel=\"noopener\">cognitivo-conductual<\/a> (TCC) es un tratamiento habitual para las fobias, y tambi\u00e9n puede ser eficaz para las fobias relacionadas con la ca\u00edda del cabello.<\/p>\n<h4>Conclusi\u00f3n<\/h4>\n<p>Si padeces ansiedad extrema por la ca\u00edda del cabello, es importante que busques ayuda. Hablar con un profesional de la salud mental puede ayudarte a entender tus miedos y a desarrollar estrategias para controlarlos. Con el tratamiento y el apoyo adecuados, podr\u00e1s superar tu fobia y recuperar el control de tu vida.<\/p>\n<p>Si te preocupa alg\u00fan aspecto de tu cabello, hablar con un especialista de Vinci Hair Clinic podr\u00eda ser de ayuda. Somos una de las organizaciones de restauraci\u00f3n capilar m\u00e1s respetadas del mundo. Adem\u00e1s, les ofrecemos una consulta gratuita y sin compromiso a todos nuestros clientes nuevos. \u00a1Ponte en contacto con nosotros hoy mismo para que reserves tu cita!<\/p>\n","protected":false},"excerpt":{"rendered":"<p>Recientemente, un destacado onc\u00f3logo y epidemi\u00f3logo del c\u00e1ncer estadounidense escribi\u00f3 un art\u00edculo en el que afirmaba que \u00abel miedo a la alopecia lleva a algunas mujeres a rechazar la quimioterapia, o a elegir alternativas no \u00f3ptimas\u00bb. La mayor\u00eda de la gente se preocupa por la ca\u00edda del cabello en alg\u00fan momento de sus vidas, pero [&hellip;]<\/p>\n","protected":false},"author":12,"featured_media":172788,"comment_status":"closed","ping_status":"closed","sticky":false,"template":"","format":"standard","meta":{"footnotes":""},"categories":[87],"tags":[],"class_list":["post-172796","post","type-post","status-publish","format-standard","has-post-thumbnail","hentry","category-vinci-hair-clinic-es"],"_links":{"self":[{"href":"https:\/\/vincihairclinic.com\/es\/wp-json\/wp\/v2\/posts\/172796","targetHints":{"allow":["GET"]}}],"collection":[{"href":"https:\/\/vincihairclinic.com\/es\/wp-json\/wp\/v2\/posts"}],"about":[{"href":"https:\/\/vincihairclinic.com\/es\/wp-json\/wp\/v2\/types\/post"}],"author":[{"embeddable":true,"href":"https:\/\/vincihairclinic.com\/es\/wp-json\/wp\/v2\/users\/12"}],"replies":[{"embeddable":true,"href":"https:\/\/vincihairclinic.com\/es\/wp-json\/wp\/v2\/comments?post=172796"}],"version-history":[{"count":1,"href":"https:\/\/vincihairclinic.com\/es\/wp-json\/wp\/v2\/posts\/172796\/revisions"}],"predecessor-version":[{"id":209152,"href":"https:\/\/vincihairclinic.com\/es\/wp-json\/wp\/v2\/posts\/172796\/revisions\/209152"}],"wp:featuredmedia":[{"embeddable":true,"href":"https:\/\/vincihairclinic.com\/es\/wp-json\/wp\/v2\/media\/172788"}],"wp:attachment":[{"href":"https:\/\/vincihairclinic.com\/es\/wp-json\/wp\/v2\/media?parent=172796"}],"wp:term":[{"taxonomy":"category","embeddable":true,"href":"https:\/\/vincihairclinic.com\/es\/wp-json\/wp\/v2\/categories?post=172796"},{"taxonomy":"post_tag","embeddable":true,"href":"https:\/\/vincihairclinic.com\/es\/wp-json\/wp\/v2\/tags?post=172796"}],"curies":[{"name":"wp","href":"https:\/\/api.w.org\/{rel}","templated":true}]}}