{"id":172650,"date":"2023-04-26T09:00:35","date_gmt":"2023-04-26T13:00:35","guid":{"rendered":"http:\/\/vincihairclinic.com\/?p=172650"},"modified":"2026-02-18T11:19:53","modified_gmt":"2026-02-18T11:19:53","slug":"cuales-son-las-causas-de-la-caida-del-cabello-en-la-adolescencia","status":"publish","type":"post","link":"https:\/\/vincihairclinic.com\/es\/cuales-son-las-causas-de-la-caida-del-cabello-en-la-adolescencia\/","title":{"rendered":"\u00bfCu\u00e1les son las causas de la ca\u00edda del cabello en la adolescencia?"},"content":{"rendered":"<p>\u00bfRecuerdas cuando eras adolescente y cre\u00edas que eras invencible? Despu\u00e9s, cuando creciste, te diste cuenta de que tu cuerpo no era indestructible, y que de hecho eras susceptible a las mismas cosas que los dem\u00e1s, incluyendo la ca\u00edda del cabello. Por desgracia, algunos j\u00f3venes se dan cuenta de eso mucho antes que la mayor\u00eda. Se han realizado <a href=\"https:\/\/www.frontiersin.org\/articles\/10.3389\/fmed.2022.1054898\/full\" target=\"_blank\" rel=\"noopener\">estudios<\/a> que demuestran el impacto psicol\u00f3gico que puede tener la ca\u00edda del cabello en adultos y j\u00f3venes. Ocasionalmente, algunos j\u00f3venes <a href=\"https:\/\/www.inyourarea.co.uk\/news\/hair-transplant-restores-confidence-of-teen-battling-depression\/\" target=\"_blank\" rel=\"noopener\">hablan<\/a> sobre lo que signific\u00f3 para ellos perder el cabello a una edad temprana.<\/p>\n<p>En este art\u00edculo analizaremos las distintas causas de la ca\u00edda del cabello en la adolescencia, y revisaremos algunos de los tratamientos que est\u00e1n disponibles. \u00a1Sigue leyendo!<\/p>\n<h4>Chequeo m\u00e9dico<\/h4>\n<p>Empecemos por lo m\u00e1s importante: si experimentas cualquier tipo de p\u00e9rdida excesiva del cabello, debes consultar a tu m\u00e9dico cuanto antes, para que te haga un chequeo. La ca\u00edda del cabello puede ser s\u00edntoma de un problema de salud subyacente, sobre todo si va acompa\u00f1ada de otros s\u00edntomas, como fatiga, aumento de peso o menstruaciones irregulares.<\/p>\n<p>Hay afecciones que pueden contribuir a la ca\u00edda del cabello, como el hipotiroidismo, el lupus y el s\u00edndrome de ovario poliqu\u00edstico (SOP). Es posible que tu m\u00e9dico te sugiera realizarte algunos ex\u00e1menes de sangre, para descartar cualquier enfermedad. Una vez hecho eso, podr\u00e1s enfocarte en las otras causas posibles de la ca\u00edda del cabello.<\/p>\n<h4>Causas comunes<\/h4>\n<p>La ca\u00edda del cabello tiene causas que son comunes tanto en adultos como en adolescentes. La alopecia androg\u00e9nica, tambi\u00e9n conocida como calvicie de patr\u00f3n masculino o femenino, es una condici\u00f3n que afecta a ambos sexos y que suele ser causada por una combinaci\u00f3n de factores gen\u00e9ticos y hormonales. La parte gen\u00e9tica es bastante sencilla: si tus padres o abuelos sufrieron problemas de calvicie, es probable que t\u00fa tambi\u00e9n los sufras.<\/p>\n<p>Pero el impacto de las hormonas es m\u00e1s complicado. La dihidrotestosterona (DHT) provoca la miniaturizaci\u00f3n de los fol\u00edculos pilosos, lo que conduce al debilitamiento del cabello, y finalmente a su ca\u00edda. Los cambios en los niveles de testosterona que se producen durante la pubertad tambi\u00e9n pueden influir. La testosterona es responsable del desarrollo de los caracteres masculinos, pero cuando una enzima llamada 5-alfa-reductasa la convierte en DHT, tambi\u00e9n puede contribuir a la ca\u00edda del cabello.<\/p>\n<h4>El estr\u00e9s<\/h4>\n<p>Aunque la calvicie por patrones puede empezar a aparecer desde la adolescencia, hay otros tipos de p\u00e9rdida capilar que pueden afectar incluso a los ni\u00f1os. <a href=\"https:\/\/planetradio.co.uk\/hits-radio\/entertainment\/music\/jesy-nelson-little-mix\/\" target=\"_blank\" rel=\"noopener\">Jesy Nelson<\/a>, la cantante de Little Mix, sufri\u00f3 alopecia cuando ten\u00eda trece a\u00f1os. Nelson le achac\u00f3 el problema al estr\u00e9s que le generaron diversos episodios de acoso escolar. Asimismo, el presentador brit\u00e1nico <a href=\"https:\/\/www.hellomagazine.com\/film\/20221005153391\/great-british-bake-off-matt-lucas-on-losing-his-hair\/\" target=\"_blank\" rel=\"noopener\">Matt Lucas<\/a> perdi\u00f3 todo su cabello cuando ten\u00eda apenas seis a\u00f1os. En aquel momento, los m\u00e9dicos pensaron que su problema se deb\u00eda a un traumatismo retardado, ya que hab\u00eda sido atropellado por un autom\u00f3vil.<\/p>\n<p>No cabe duda de que el estr\u00e9s contribuye en gran medida a la ca\u00edda del cabello en los ni\u00f1os. Y no es ning\u00fan secreto que los adolescentes experimentan mucho estr\u00e9s, lo que puede estar relacionado con los estudios, las relaciones y otros problemas personales. Cuando estamos estresados, nuestro cuerpo libera hormonas como el cortisol, que pueden alterar el ciclo natural de crecimiento del cabello.<\/p>\n<p>El estr\u00e9s cr\u00f3nico puede provocar una afecci\u00f3n llamada <a href=\"https:\/\/www.bad.org.uk\/pils\/telogen-effluvium\/\" target=\"_blank\" rel=\"noopener\">efluvio tel\u00f3geno<\/a>, que hace que el pelo se caiga en grandes cantidades. La buena noticia es que, una vez eliminado el factor estresante, el crecimiento del pelo suele volver a la normalidad.<\/p>\n<p>Pero en el caso de Matt Lucas no fue as\u00ed. Los m\u00e9dicos decidieron dejar el diagn\u00f3stico para m\u00e1s adelante, atribuyendo su calvicie a la alopecia areata, un trastorno autoinmune.<\/p>\n<h4>Tratamientos<\/h4>\n<p>Hay varios tratamientos disponibles para la alopecia androg\u00e9nica, incluyendo medicamentos como la finasterida y el minoxidil. La finasterida es un medicamento oral que bloquea la producci\u00f3n de DHT, mientras que el minoxidil es un tratamiento t\u00f3pico que estimula el crecimiento del pelo. Sin embargo, estos tratamientos pueden tener efectos secundarios, sobre todo en los adolescentes, por lo que s\u00f3lo se debe iniciar un r\u00e9gimen de tratamiento despu\u00e9s de haber consultado a un especialista.<\/p>\n<p>El trasplante capilar puede ser una opci\u00f3n adecuada para algunos j\u00f3venes con calvicie por patrones. A veces, las cl\u00ednicas de renombre aconsejan retrasar el trasplante aproximadamente un a\u00f1o, hasta que se pueda evidenciar y controlar la trayectoria de la p\u00e9rdida del cabello. De este modo se minimizan las posibilidades de que el cliente tenga que someterse a un segundo trasplante, poco despu\u00e9s del primero.<\/p>\n<p>Se han realizado algunos estudios con el fin de evaluar la eficacia de los tratamientos dirigidos a ni\u00f1os con alopecia areata. En 2022, investigadores de la Universidad de California elaboraron un <a href=\"https:\/\/www.ncbi.nlm.nih.gov\/pmc\/articles\/PMC8556406\/\" target=\"_blank\" rel=\"noopener\">estudio<\/a> en el que analizaron las pruebas que respaldaban la eficacia de dichos tratamientos. Se lleg\u00f3 a la conclusi\u00f3n de que exist\u00edan pruebas a favor del uso de corticosteroides t\u00f3picos como primera l\u00ednea de acci\u00f3n contra la alopecia areata pedi\u00e1trica, mientras que la inmunoterapia de contacto aparec\u00eda como el segundo tratamiento m\u00e1s eficaz.<\/p>\n<h4>Conclusi\u00f3n<\/h4>\n<p>La ca\u00edda del cabello en los adolescentes puede deberse a diversos factores. La gen\u00e9tica, los cambios hormonales, el estr\u00e9s y las enfermedades autoinmunes est\u00e1n detr\u00e1s de la mayor\u00eda de los casos. Los j\u00f3venes que sufren ca\u00edda del cabello deben consultar a un m\u00e9dico para tratar de identificar cualquier problema de salud subyacente, antes de hablar con un especialista capilar.<\/p>\n<p>Si necesitas consultar a un especialista capilar, debes saber que Vinci Hair Clinic cuenta con algunos de los mejores del sector. Eso no deber\u00eda sorprender a nadie, porque Vinci est\u00e1 entre las organizaciones de restauraci\u00f3n capilar m\u00e1s importantes del mundo. Les ofrecemos una consulta gratuita y sin compromiso a todos nuestros clientes nuevos, la cual se puede realizar en persona o por tel\u00e9fono, mediante fotograf\u00edas. As\u00ed no te perder\u00e1s de nada, aunque no puedas visitar alguna de las cl\u00ednicas que tenemos por todo el mundo. \u00a1Ponte en contacto con nosotros y reserva tu cita hoy mismo!<\/p>\n","protected":false},"excerpt":{"rendered":"<p>\u00bfRecuerdas cuando eras adolescente y cre\u00edas que eras invencible? Despu\u00e9s, cuando creciste, te diste cuenta de que tu cuerpo no era indestructible, y que de hecho eras susceptible a las mismas cosas que los dem\u00e1s, incluyendo la ca\u00edda del cabello. Por desgracia, algunos j\u00f3venes se dan cuenta de eso mucho antes que la mayor\u00eda. Se [&hellip;]<\/p>\n","protected":false},"author":12,"featured_media":172641,"comment_status":"closed","ping_status":"closed","sticky":false,"template":"","format":"standard","meta":{"footnotes":""},"categories":[87],"tags":[],"class_list":["post-172650","post","type-post","status-publish","format-standard","has-post-thumbnail","hentry","category-vinci-hair-clinic-es"],"_links":{"self":[{"href":"https:\/\/vincihairclinic.com\/es\/wp-json\/wp\/v2\/posts\/172650","targetHints":{"allow":["GET"]}}],"collection":[{"href":"https:\/\/vincihairclinic.com\/es\/wp-json\/wp\/v2\/posts"}],"about":[{"href":"https:\/\/vincihairclinic.com\/es\/wp-json\/wp\/v2\/types\/post"}],"author":[{"embeddable":true,"href":"https:\/\/vincihairclinic.com\/es\/wp-json\/wp\/v2\/users\/12"}],"replies":[{"embeddable":true,"href":"https:\/\/vincihairclinic.com\/es\/wp-json\/wp\/v2\/comments?post=172650"}],"version-history":[{"count":1,"href":"https:\/\/vincihairclinic.com\/es\/wp-json\/wp\/v2\/posts\/172650\/revisions"}],"predecessor-version":[{"id":209159,"href":"https:\/\/vincihairclinic.com\/es\/wp-json\/wp\/v2\/posts\/172650\/revisions\/209159"}],"wp:featuredmedia":[{"embeddable":true,"href":"https:\/\/vincihairclinic.com\/es\/wp-json\/wp\/v2\/media\/172641"}],"wp:attachment":[{"href":"https:\/\/vincihairclinic.com\/es\/wp-json\/wp\/v2\/media?parent=172650"}],"wp:term":[{"taxonomy":"category","embeddable":true,"href":"https:\/\/vincihairclinic.com\/es\/wp-json\/wp\/v2\/categories?post=172650"},{"taxonomy":"post_tag","embeddable":true,"href":"https:\/\/vincihairclinic.com\/es\/wp-json\/wp\/v2\/tags?post=172650"}],"curies":[{"name":"wp","href":"https:\/\/api.w.org\/{rel}","templated":true}]}}