{"id":164495,"date":"2023-04-17T09:00:39","date_gmt":"2023-04-17T13:00:39","guid":{"rendered":"http:\/\/vincihairclinic.com\/?p=164495"},"modified":"2026-02-18T11:19:56","modified_gmt":"2026-02-18T11:19:56","slug":"alopecia-separando-la-esperanza-de-la-exageracion","status":"publish","type":"post","link":"https:\/\/vincihairclinic.com\/es\/alopecia-separando-la-esperanza-de-la-exageracion\/","title":{"rendered":"Alopecia: Separando la esperanza de la exageraci\u00f3n"},"content":{"rendered":"<p>La alopecia afecta a millones de personas en todo el mundo. Es una afecci\u00f3n que causa mucha angustia, sobre todo entre los adultos j\u00f3venes. Suele provocar una gran p\u00e9rdida de autoestima y de confianza personal. Muchas personas recurren a Internet, a las redes sociales y a las celebridades, para buscar orientaci\u00f3n sobre la mejor forma de afrontar el problema. Por desgracia, no toda la informaci\u00f3n que brindan esas fuentes es confiable. Con frecuencia, los afectados terminan sinti\u00e9ndose decepcionados.<\/p>\n<p>En este art\u00edculo analizaremos los tratamientos disponibles para la alopecia, y desmentiremos algunos mitos. \u00a1Sigue leyendo para que aprendas m\u00e1s!<\/p>\n<h4>Tipos de alopecia y sus causas<\/h4>\n<p>\u201cAlopecia\u201d es un t\u00e9rmino gen\u00e9rico que hace referencia a cualquier tipo de ca\u00edda del cabello. La alopecia androg\u00e9nica, tambi\u00e9n conocida como calvicie de patr\u00f3n masculino o femenino, es la forma m\u00e1s com\u00fan de alopecia. Est\u00e1 causada por una combinaci\u00f3n de factores gen\u00e9ticos y hormonales. Pero hay otras causas que debemos tener en cuenta, como el estr\u00e9s y algunos medicamentos y enfermedades.<\/p>\n<p>Sin embargo, cuando una persona escucha el t\u00e9rmino \u201calopecia\u201d, por lo general no piensa en una simple calvicie. La mayor\u00eda de la gente piensa en la <a href=\"https:\/\/www.medicalnewstoday.com\/articles\/70956\" target=\"_blank\" rel=\"noopener\">alopecia areata<\/a>, que es una condici\u00f3n m\u00e1s dram\u00e1tica. Se trata de una enfermedad autoinmune, lo que significa que se produce cuando el propio sistema inmunitario del cuerpo ataca a las c\u00e9lulas sanas.<\/p>\n<p>La alopecia areata suele provocar una ca\u00edda irregular del cabello. A veces esta p\u00e9rdida puede producirse en zonas peque\u00f1as, no mucho m\u00e1s grandes que una moneda. Sin embargo, existen diferentes formas de alopecia areata: la alopecia areata total es cuando se cae todo el pelo de la cabeza, mientras que la alopecia areata universal es cuando la p\u00e9rdida de pelo afecta a todo el cuerpo.<\/p>\n<h4>Los famosos y la alopecia<\/h4>\n<p>Los famosos no son inmunes a la alopecia. Varios han hablado abiertamente sobre su experiencia con la enfermedad. Tal vez el caso m\u00e1s sonado sea el de la actriz <a href=\"https:\/\/www.health.com\/mind-body\/jada-pinkett-smith-hair-loss-alopecia\" target=\"_blank\" rel=\"noopener\">Jada Pinkett Smith<\/a>, sobre todo porque su alopecia salt\u00f3 a los titulares por el tristemente c\u00e9lebre <a href=\"https:\/\/www.independent.co.uk\/arts-entertainment\/films\/news\/will-smith-chris-rock-oscars-slap-date-b2299111.html\" target=\"_blank\" rel=\"noopener\">incidente<\/a> en los Oscar, protagonizado por su marido, Will Smith, y el comediante Chris Rock.<\/p>\n<p>La actriz Tyra Banks revel\u00f3 que padece alopecia areata, y que usa pelucas para ocultar su problema. La cantante Kesha tambi\u00e9n revel\u00f3 que padece alopecia, por lo que usa pelucas desde hace varios a\u00f1os. Todas estas celebridades han ayudado a crear conciencia sobre la alopecia, y a reducir el estigma que rodea a la enfermedad.<\/p>\n<h4>Desmontando mitos<\/h4>\n<p>Uno de los mitos m\u00e1s extendidos en torno a la alopecia es el que dice que se puede revertir utilizando aceites esenciales o suplementos herbales. Lo cierto es que no hay pruebas cient\u00edficas que respalden esas afirmaciones. Lo que es peor, algunos suplementos a base de hierbas incluso pueden ser perjudiciales para la salud.<\/p>\n<p>Tambi\u00e9n est\u00e1 la idea de que usar gorras o sombreros puede provocar calvicie. Esa creencia es un disparate. Sin embargo, llevar el pelo recogido s\u00ed puede da\u00f1ar el cabello y el cuero cabelludo, provocando <a href=\"https:\/\/www.healthline.com\/health\/traction-alopecia\" target=\"_blank\" rel=\"noopener\">alopecia por tracci\u00f3n<\/a>. No obstante, este tipo de ca\u00edda del cabello suele ser temporal. El pelo vuelve a crecer cuando la persona empieza a usar peinados m\u00e1s sueltos, y cuando deja de hacer lo que sea que haya causado el da\u00f1o.<\/p>\n<p>El estilo de vida y los h\u00e1bitos de cuidado capilar tambi\u00e9n pueden contribuir con algunos tipos de alopecia. Por regla general, lo que es bueno para la salud tambi\u00e9n lo ser\u00e1 para el cabello. Por lo tanto, vale la pena seguir una dieta equilibrada, hacer ejercicio regularmente y dejar de fumar. Si notas que tu pelo muestra signos de deterioro, no empeores las cosas. Reduce el uso de utensilios t\u00e9rmicos de peinado, y evita los productos qu\u00edmicos agresivos, las decoloraciones y los tintes.<\/p>\n<h4>Tratamientos contra la alopecia<\/h4>\n<p>La eficacia de los tratamientos contra la alopecia depende del tipo y la causa de la ca\u00edda del cabello. En el caso de la alopecia androg\u00e9nica, se ha demostrado la eficacia de medicamentos como el minoxidil y la finasterida. El minoxidil estimula el crecimiento del pelo, mientras que el finasteride bloquea la producci\u00f3n de dihidrotestosterona (DHT), una hormona que provoca la ca\u00edda del cabello.<\/p>\n<p>En los casos de alopecia areata, se pueden inyectar corticoesteroides en el cuero cabelludo, para reducir la inflamaci\u00f3n y favorecer el crecimiento del pelo. Tambi\u00e9n existen corticoesteroides t\u00f3picos que se pueden aplicar en el cuero cabelludo. Otros tratamientos contra la alopecia areata son la inmunoterapia, que consiste en utilizar sustancias qu\u00edmicas para desencadenar una reacci\u00f3n al\u00e9rgica y estimular el crecimiento del pelo; y la fototerapia, que consiste en exponer el cuero cabelludo a la luz UVB.<\/p>\n<p>Sin embargo, a diferencia de lo que ocurre con la calvicie por patrones y otras formas de p\u00e9rdida capilar, en los casos m\u00e1s graves de alopecia areata los tratamientos eficaces son m\u00e1s bien escasos. El \u00fanico consuelo para los afectados es que las actitudes sociales est\u00e1n cambiando: actualmente la gente es m\u00e1s consciente de la enfermedad y de la angustia que genera, y en consecuencia, es m\u00e1s probable que los afectados reciban comprensi\u00f3n.<\/p>\n<h4>Conclusi\u00f3n<\/h4>\n<p>Todas las formas de p\u00e9rdida capilar pueden generar mucha angustia, pero ninguna resulta tan desesperante como la alopecia areata, porque puede aparecer de repente y dejarnos con poco o nada de pelo. Los casos m\u00e1s graves pueden provocar mucha ansiedad, depresi\u00f3n y aislamiento social. En los \u00faltimos a\u00f1os han surgido grupos de apoyo que ayudan a sobrellevar los efectos psicol\u00f3gicos de la enfermedad.<\/p>\n<p>Si te preocupa la ca\u00edda o el debilitamiento de tu cabello, no esperes demasiado para acudir a un especialista que pueda revisarte. En Vinci Hair Clinic les ofrecemos una consulta gratuita y sin compromiso a todos nuestros clientes nuevos, la cual se puede llevar a cabo en persona o por tel\u00e9fono, usando fotograf\u00edas. \u00a1Ponte en contacto con nosotros y reserva tu cita hoy mismo!<\/p>\n","protected":false},"excerpt":{"rendered":"<p>La alopecia afecta a millones de personas en todo el mundo. Es una afecci\u00f3n que causa mucha angustia, sobre todo entre los adultos j\u00f3venes. Suele provocar una gran p\u00e9rdida de autoestima y de confianza personal. Muchas personas recurren a Internet, a las redes sociales y a las celebridades, para buscar orientaci\u00f3n sobre la mejor forma [&hellip;]<\/p>\n","protected":false},"author":12,"featured_media":164487,"comment_status":"closed","ping_status":"closed","sticky":false,"template":"","format":"standard","meta":{"footnotes":""},"categories":[87],"tags":[],"class_list":["post-164495","post","type-post","status-publish","format-standard","has-post-thumbnail","hentry","category-vinci-hair-clinic-es"],"_links":{"self":[{"href":"https:\/\/vincihairclinic.com\/es\/wp-json\/wp\/v2\/posts\/164495","targetHints":{"allow":["GET"]}}],"collection":[{"href":"https:\/\/vincihairclinic.com\/es\/wp-json\/wp\/v2\/posts"}],"about":[{"href":"https:\/\/vincihairclinic.com\/es\/wp-json\/wp\/v2\/types\/post"}],"author":[{"embeddable":true,"href":"https:\/\/vincihairclinic.com\/es\/wp-json\/wp\/v2\/users\/12"}],"replies":[{"embeddable":true,"href":"https:\/\/vincihairclinic.com\/es\/wp-json\/wp\/v2\/comments?post=164495"}],"version-history":[{"count":1,"href":"https:\/\/vincihairclinic.com\/es\/wp-json\/wp\/v2\/posts\/164495\/revisions"}],"predecessor-version":[{"id":209163,"href":"https:\/\/vincihairclinic.com\/es\/wp-json\/wp\/v2\/posts\/164495\/revisions\/209163"}],"wp:featuredmedia":[{"embeddable":true,"href":"https:\/\/vincihairclinic.com\/es\/wp-json\/wp\/v2\/media\/164487"}],"wp:attachment":[{"href":"https:\/\/vincihairclinic.com\/es\/wp-json\/wp\/v2\/media?parent=164495"}],"wp:term":[{"taxonomy":"category","embeddable":true,"href":"https:\/\/vincihairclinic.com\/es\/wp-json\/wp\/v2\/categories?post=164495"},{"taxonomy":"post_tag","embeddable":true,"href":"https:\/\/vincihairclinic.com\/es\/wp-json\/wp\/v2\/tags?post=164495"}],"curies":[{"name":"wp","href":"https:\/\/api.w.org\/{rel}","templated":true}]}}