{"id":162429,"date":"2023-02-13T09:00:12","date_gmt":"2023-02-13T14:00:12","guid":{"rendered":"http:\/\/vincihairclinic.com\/?p=162429"},"modified":"2026-02-18T11:20:15","modified_gmt":"2026-02-18T11:20:15","slug":"consejos-para-superar-la-calvicie-causada-por-el-covid-19","status":"publish","type":"post","link":"https:\/\/vincihairclinic.com\/es\/consejos-para-superar-la-calvicie-causada-por-el-covid-19\/","title":{"rendered":"Consejos para superar la calvicie causada por el Covid-19"},"content":{"rendered":"<p>Por fortuna, el virus del Covid-19 ya no aparece a cada momento en los noticieros. Sin embargo, eso no significa que haya desaparecido del todo. El virus sigue entre nosotros, aunque las tasas de infecci\u00f3n y las hospitalizaciones <a href=\"https:\/\/www.cidrap.umn.edu\/covid-19\/global-covid-19-cases-and-deaths-continue-decline\" target=\"_blank\" rel=\"noopener\">siguen disminuyendo<\/a> en todo el mundo. A pesar de todo este avance, uno de los efectos secundarios m\u00e1s desagradables de la enfermedad sigue siendo noticia. En efecto, la ca\u00edda del cabello post-Covid sigue caus\u00e1ndoles mucho estr\u00e9s a quienes la padecen. El problema ha afectado incluso a personas de alto nivel, como la actriz <a href=\"https:\/\/www.dailymail.co.uk\/tvshowbiz\/article-8612557\/Alyssa-Milano-shows-SHOCKING-hair-loss-result-COVID-19-considered-long-hauler.html\" target=\"_blank\" rel=\"noopener\">Alyssa <\/a><a href=\"https:\/\/www.dailymail.co.uk\/tvshowbiz\/article-8612557\/Alyssa-Milano-shows-SHOCKING-hair-loss-result-COVID-19-considered-long-hauler.html\" target=\"_blank\" rel=\"noopener\">Milano<\/a>, la estrella de telerrealidad <a href=\"https:\/\/www.independent.co.uk\/life-style\/khloe-kardashian-hair-loss-covid-19-b1929017.html\" target=\"_blank\" rel=\"noopener\">Khlo\u00e9 Kardashian<\/a> o el cantante <a href=\"https:\/\/www.hola.com\/us\/celebrities\/20211126319844\/drake-reveals-hair-loss-battling-covid\/\" target=\"_blank\" rel=\"noopener\">Drake<\/a>.<\/p>\n<p>En este art\u00edculo vamos a revisar cu\u00e1les son las causas de la ca\u00edda del cabello post-Covid, y lo que es m\u00e1s importante, te vamos a contar qu\u00e9 puedes hacer para que tu pelo vuelva a crecer con fuerza y rapidez. \u00a1Sigue leyendo para que descubras nuestros consejos!<\/p>\n<h4>\u00bfQu\u00e9 es la ca\u00edda del cabello post-Covid?<\/h4>\n<p>La ca\u00edda del cabello post-Covid es el resultado de la enfermedad que causa el virus del Covid-19, y del estr\u00e9s que viene asociado con ella. Esta ca\u00edda del cabello puede ser temporal o permanente, y se cree que est\u00e1 causada por un ataque del sistema inmunitario sobre los fol\u00edculos pilosos, combinado con el estr\u00e9s y los cambios hormonales. Tambi\u00e9n puede ser un efecto secundario de ciertos medicamentos utilizados para tratar el Covid-19.<\/p>\n<p><a href=\"https:\/\/www.ncbi.nlm.nih.gov\/pmc\/articles\/PMC9349634\/\" target=\"_blank\" rel=\"noopener\">Una revisi\u00f3n<\/a> realizada en 2022 lleg\u00f3 a la conclusi\u00f3n de que, con toda probabilidad, la ca\u00edda del cabello post-Covid estaba relacionada con el efluvio tel\u00f3geno. El efluvio tel\u00f3geno es un tipo de p\u00e9rdida capilar que se caracteriza por una ca\u00edda repentina y generalizada del cabello, que suele producirse varios meses despu\u00e9s de un acontecimiento estresante o de un cambio importante en el organismo. La enfermedad causada por el Covid-19 se ajusta a la descripci\u00f3n de un acontecimiento estresante, y los medicamentos y vacunas utilizados para tratar el virus podr\u00edan ser responsables de diversos cambios en el organismo.<\/p>\n<p>El estudio tambi\u00e9n identific\u00f3 que casi el 83% de los casos de p\u00e9rdida de cabello tras la enfermedad del Covid correspondieron a mujeres. Esto podr\u00eda deberse a que las mujeres son m\u00e1s propensas a hablar sobre sus problemas de salud, pero tambi\u00e9n podr\u00eda estar relacionado con el hecho de que las mujeres son <a href=\"https:\/\/www.ncbi.nlm.nih.gov\/pmc\/articles\/PMC7292717\/#:~:text=There%20are%20over%20100%20types,diseases%20are%20women%20%5B1%5D.\" target=\"_blank\" rel=\"noopener\">m\u00e1s propensas a las enfermedades autoinmunes.<\/a> El informe concluye que la mayor\u00eda de los casos son reversibles.<\/p>\n<p><a href=\"https:\/\/www.ncbi.nlm.nih.gov\/pmc\/articles\/PMC9042074\/#:~:text=In%20patients%20with%20post-COVID,are%20beneath%20the%20reference%20threshold.\" target=\"_blank\" rel=\"noopener\">En un trabajo <\/a><a href=\"https:\/\/www.ncbi.nlm.nih.gov\/pmc\/articles\/PMC9042074\/#:~:text=In%20patients%20with%20post-COVID,are%20beneath%20the%20reference%20threshold.\" target=\"_blank\" rel=\"noopener\">publicado<\/a> el a\u00f1o pasado por investigadores rumanos, se estudiaron los posibles tratamientos para la ca\u00edda del cabello post-Covid. El informe concluy\u00f3 que \u00abninguna intervenci\u00f3n es suficiente por s\u00ed sola\u00bb, y abog\u00f3 por un enfoque hol\u00edstico que integre diversos procedimientos. A continuaci\u00f3n veremos algunos.<\/p>\n<h4>Tratamientos<\/h4>\n<p>Los tratamientos para la ca\u00edda del cabello post-Covid se pueden dividir en dos categor\u00edas: los de autoayuda y los procedimientos formales. La categor\u00eda de autoayuda se centra principalmente en <strong>las buenas pr\u00e1cticas de cuidado del cabello<\/strong>. La idea es adoptar una rutina m\u00e1s suave, para evitar da\u00f1ar m\u00e1s las hebras. En concreto, se recomienda utilizar cepillos y peines adecuados, para evitar tirones y desgarros; y reducir el uso de herramientas de peinado t\u00e9rmicas y de productos de cuidado capilar agresivos. Con estas medidas buscamos que el cabello tenga las mejores posibilidades de recuperarse.<\/p>\n<p>Cuidar el cuero cabelludo es tan importante como cuidar las hebras. Mantenerlo limpio y libre de picores, enrojecimientos e irritaciones es vital para que el pelo vuelva a crecer con fuerza. Lavar el cuero cabelludo con menos frecuencia puede ayudar a lograr ese objetivo, y masajearlo suavemente, en vez de frotarlo, tambi\u00e9n es beneficioso. Un masaje diario en la cabeza es estupendo para estimular el flujo sangu\u00edneo a los fol\u00edculos pilosos, y para garantizar que reciban el ox\u00edgeno y los nutrientes que tanto necesitan. Los suplementos nutricionales tambi\u00e9n pueden ayudar. Ciertamente, la biotina, el hierro y otras vitaminas pueden ayudar a mejorar la salud del cabello y del cuero cabelludo, pero debes consultar a tu m\u00e9dico antes de empezar a tomar este tipo de suplementos.<\/p>\n<p>Controlar los niveles de estr\u00e9s tambi\u00e9n es muy importante, y cada persona puede hacerlo a su manera. La terapia, el ejercicio, la meditaci\u00f3n y las pr\u00e1cticas de atenci\u00f3n plena pueden ayudar a reducir los niveles de estr\u00e9s. A algunas personas les funciona leer un libro o pasear por el jard\u00edn. \u00a1Descubre qu\u00e9 te funciona a ti, y hazlo!<\/p>\n<p><strong>Los procedimientos formales <\/strong>son para los que quieren acelerar las cosas. Pueden ser medicamentos como el finasteride o el minoxidil. Este \u00faltimo es un vasodilatador, por lo que act\u00faa dilatando los vasos sangu\u00edneos y aumentando el flujo de sangre al cuero cabelludo. La terapia de regeneraci\u00f3n celular es un procedimiento no quir\u00fargico que utiliza factores de crecimiento extra\u00eddos de la propia sangre, los cuales son inyectados en el cuero cabelludo para estimular el crecimiento del cabello. La mesoterapia es otro tratamiento no quir\u00fargico que act\u00faa de forma similar: consiste en inyectar vitaminas, minerales y enzimas en el cuero cabelludo, para nutrir los fol\u00edculos pilosos y estimular el crecimiento del cabello.<\/p>\n<p>La terapia con l\u00e1ser de baja intensidad (TLBI) es una forma de fototerapia que utiliza l\u00e1seres de baja potencia o diodos emisores de luz (LED) para emitir luz a longitudes de onda espec\u00edficas, con el fin de favorecer la cicatrizaci\u00f3n, mejorar la regeneraci\u00f3n de los tejidos y reducir la inflamaci\u00f3n. Al estimular los procesos celulares y aumentar el flujo sangu\u00edneo, se puede acelerar el ritmo de crecimiento del pelo.<\/p>\n<h4>Conclusi\u00f3n<\/h4>\n<p>La ca\u00edda del cabello que aparece como consecuencia del Covid-19 puede ser muy angustiante, sobre todo cuando la persona afectada no tiene antecedentes de calvicie. La \u00fanica noticia positiva es que esta afecci\u00f3n suele ser temporal. Si sigues los consejos que te damos en este art\u00edculo, lograr\u00e1s que tu pelo se ponga m\u00e1s fuerte y sano que antes.<\/p>\n<p>Si est\u00e1s interesado en alguno de los tratamientos mencionados, no dudes en ponerte en contacto con Vinci Hair Clinic para que recibas m\u00e1s informaci\u00f3n. Somos l\u00edderes mundiales en tratamientos de restauraci\u00f3n capilar, y les ofrecemos una consulta gratuita y sin compromiso a todos nuestros clientes nuevos. Ponte en contacto con nosotros y reserva tu cita hoy mismo. \u00a1Tenemos cl\u00ednicas por todo el mundo!<\/p>\n","protected":false},"excerpt":{"rendered":"<p>Por fortuna, el virus del Covid-19 ya no aparece a cada momento en los noticieros. Sin embargo, eso no significa que haya desaparecido del todo. El virus sigue entre nosotros, aunque las tasas de infecci\u00f3n y las hospitalizaciones siguen disminuyendo en todo el mundo. A pesar de todo este avance, uno de los efectos secundarios [&hellip;]<\/p>\n","protected":false},"author":12,"featured_media":162421,"comment_status":"closed","ping_status":"closed","sticky":false,"template":"","format":"standard","meta":{"footnotes":""},"categories":[87],"tags":[],"class_list":["post-162429","post","type-post","status-publish","format-standard","has-post-thumbnail","hentry","category-vinci-hair-clinic-es"],"_links":{"self":[{"href":"https:\/\/vincihairclinic.com\/es\/wp-json\/wp\/v2\/posts\/162429","targetHints":{"allow":["GET"]}}],"collection":[{"href":"https:\/\/vincihairclinic.com\/es\/wp-json\/wp\/v2\/posts"}],"about":[{"href":"https:\/\/vincihairclinic.com\/es\/wp-json\/wp\/v2\/types\/post"}],"author":[{"embeddable":true,"href":"https:\/\/vincihairclinic.com\/es\/wp-json\/wp\/v2\/users\/12"}],"replies":[{"embeddable":true,"href":"https:\/\/vincihairclinic.com\/es\/wp-json\/wp\/v2\/comments?post=162429"}],"version-history":[{"count":1,"href":"https:\/\/vincihairclinic.com\/es\/wp-json\/wp\/v2\/posts\/162429\/revisions"}],"predecessor-version":[{"id":209190,"href":"https:\/\/vincihairclinic.com\/es\/wp-json\/wp\/v2\/posts\/162429\/revisions\/209190"}],"wp:featuredmedia":[{"embeddable":true,"href":"https:\/\/vincihairclinic.com\/es\/wp-json\/wp\/v2\/media\/162421"}],"wp:attachment":[{"href":"https:\/\/vincihairclinic.com\/es\/wp-json\/wp\/v2\/media?parent=162429"}],"wp:term":[{"taxonomy":"category","embeddable":true,"href":"https:\/\/vincihairclinic.com\/es\/wp-json\/wp\/v2\/categories?post=162429"},{"taxonomy":"post_tag","embeddable":true,"href":"https:\/\/vincihairclinic.com\/es\/wp-json\/wp\/v2\/tags?post=162429"}],"curies":[{"name":"wp","href":"https:\/\/api.w.org\/{rel}","templated":true}]}}